{"id":60408,"date":"2020-11-20T10:01:00","date_gmt":"2020-11-20T13:01:00","guid":{"rendered":"http:\/\/progepe.ufpr.br\/portal\/?post_type=portarias&#038;p=60408"},"modified":"2023-08-03T12:59:26","modified_gmt":"2023-08-03T15:59:26","slug":"progepe-2020-03278","status":"publish","type":"post","link":"https:\/\/progepe.ufpr.br\/portarias\/progepe-2020-03278\/","title":{"rendered":"PORTARIA N\u00ba 03278\/PROGEPE, DE 20 DE NOVEMBRO DE 2020"},"content":{"rendered":"\n<p><strong>O Pr\u00f3-Reitor de Gest\u00e3o de Pessoas da Universidade Federal do Paran\u00e1, <\/strong>no  uso de suas atribui\u00e7\u00f5es, tendo em vista a compet\u00eancia que lhe \u00e9  conferida pela Portaria n\u00ba 2.590, de 26 de setembro de 1997, de acordo  com o Art. 10, \u00a7 1\u00ba e 4\u00ba da Lei n\u00ba 11.091\/05; Art. 4\u00ba \u00a7 1\u00ba do Decreto n\u00ba  5.824\/06; Portaria MEC 09\/06; Portaria MEC 39\/11; Parecer MEC  50151\/2015\/DCC\/COLEP\/CGGP\/SAA; Portaria n\u00ba 18.908\/PROGEPE, de  16.08.2016; e, ainda o contido no processo n\u00ba 23075.029226\/2020-76, <\/p>\n\n\n\n<p>RESOLVE:<\/p>\n\n\n\n<p> Conceder progress\u00e3o por capacita\u00e7\u00e3o profissional ao servidor RICARDO DE  OLIVEIRA SILVEIRA \u2013 1026802, ocupante do cargo de Administrador, lotado  na Se\u00e7\u00e3o de Sistematiza\u00e7\u00e3o e Formaliza\u00e7\u00e3o de Parcerias Internacionais da  Pr\u00f3-Reitoria de Planejamento, Or\u00e7amento e Finan\u00e7as, do n\u00edvel E-03 para o  n\u00edvel E-04, padr\u00e3o de Vencimento 04, a partir de 16 de outubro de 2020,  conforme Parecer da Unidade de An\u00e1lise de T\u00edtulos (3071965), no  processo n\u00ba 23075.029226\/2020-76. <\/p>\n\n\n\n<p style=\"text-align:right\"><strong>DOUGLAS ORTIZ HAMERMULLER<\/strong><\/p>\n","protected":false},"excerpt":{"rendered":"<p>Conceder progress\u00e3o por capacita\u00e7\u00e3o profissional ao servidor RICARDO DE OLIVEIRA SILVEIRA \u2013 1026802, ocupante do cargo de Administrador, lotado na Se\u00e7\u00e3o de Sistematiza\u00e7\u00e3o e Formaliza\u00e7\u00e3o de Parcerias Internacionais da Pr\u00f3-Reitoria de Planejamento, Or\u00e7amento e Finan\u00e7as, do n\u00edvel E-03 para o n\u00edvel E-04, padr\u00e3o de Vencimento 04, a partir de 16 de outubro de 2020, conforme Parecer da Unidade de An\u00e1lise de T\u00edtulos (3071965), no processo n\u00ba 23075.029226\/2020-76.  <!-- wp:paragraph {\"align\":\"right\"} \n\n<p style=\"text-align:right\"><strong>DOUGLAS ORTIZ HAMERMULLER<\/strong>\n<\/p>\n","protected":false},"author":48,"featured_media":0,"comment_status":"closed","ping_status":"closed","sticky":false,"template":"","format":"standard","meta":{"_acf_changed":false,"iawp_total_views":1,"footnotes":""},"categories":[116],"tags":[143],"class_list":["post-60408","post","type-post","status-publish","format-standard","hentry","category-progepe","tag-progressao-promocao"],"acf":[],"_links":{"self":[{"href":"https:\/\/progepe.ufpr.br\/portarias\/wp-json\/wp\/v2\/posts\/60408","targetHints":{"allow":["GET"]}}],"collection":[{"href":"https:\/\/progepe.ufpr.br\/portarias\/wp-json\/wp\/v2\/posts"}],"about":[{"href":"https:\/\/progepe.ufpr.br\/portarias\/wp-json\/wp\/v2\/types\/post"}],"author":[{"embeddable":true,"href":"https:\/\/progepe.ufpr.br\/portarias\/wp-json\/wp\/v2\/users\/48"}],"replies":[{"embeddable":true,"href":"https:\/\/progepe.ufpr.br\/portarias\/wp-json\/wp\/v2\/comments?post=60408"}],"version-history":[{"count":1,"href":"https:\/\/progepe.ufpr.br\/portarias\/wp-json\/wp\/v2\/posts\/60408\/revisions"}],"predecessor-version":[{"id":196448,"href":"https:\/\/progepe.ufpr.br\/portarias\/wp-json\/wp\/v2\/posts\/60408\/revisions\/196448"}],"wp:attachment":[{"href":"https:\/\/progepe.ufpr.br\/portarias\/wp-json\/wp\/v2\/media?parent=60408"}],"wp:term":[{"taxonomy":"category","embeddable":true,"href":"https:\/\/progepe.ufpr.br\/portarias\/wp-json\/wp\/v2\/categories?post=60408"},{"taxonomy":"post_tag","embeddable":true,"href":"https:\/\/progepe.ufpr.br\/portarias\/wp-json\/wp\/v2\/tags?post=60408"}],"curies":[{"name":"wp","href":"https:\/\/api.w.org\/{rel}","templated":true}]}}