{"id":60426,"date":"2020-11-18T05:00:00","date_gmt":"2020-11-18T08:00:00","guid":{"rendered":"http:\/\/progepe.ufpr.br\/portal\/?post_type=portarias&#038;p=60426"},"modified":"2023-08-03T13:20:45","modified_gmt":"2023-08-03T16:20:45","slug":"rt-2020-01516","status":"publish","type":"post","link":"https:\/\/progepe.ufpr.br\/portarias\/rt-2020-01516\/","title":{"rendered":"PORTARIA N\u00ba 01516\/REITORIA, DE 18 DE NOVEMBRO DE 2020"},"content":{"rendered":"\n<p><strong>O Reitor da Universidade Federal\ndo Paran\u00e1, <\/strong>no uso de suas\natribui\u00e7\u00f5es, tendo em vista a compet\u00eancia que lhe \u00e9 conferida pelo Art. 30,\nInciso V do Estatuto da UFPR, em conson\u00e2ncia com o determinado liminarmente no\nMandado de Seguran\u00e7a n\u00ba 5047509-38.2020.4.04.7000\/PR; e, o que consta nos\nprocessos n\u00ba 23075.070075\/2015-74 e n\u00ba 00436.073466\/2020-66,<\/p>\n\n\n\n<p>RESOLVE:<\/p>\n\n\n\n<p>Sobrestar o processo\nadministrativo disciplinar n\u00ba 23075.070075\/2015-74,\nem cumprimento \u00e0 decis\u00e3o judicial liminar proferida no Mandado de Seguran\u00e7a n\u00ba 5047509-38.2020.4.04.7000\/PR, at\u00e9 que haja\ndecis\u00e3o judicial definitiva.<\/p>\n\n\n\n<p style=\"text-align:right\">Ricardo Marcelo Fonseca<\/p>\n","protected":false},"excerpt":{"rendered":"<p>Sobrestar o processo administrativo disciplinar n\u00ba 23075.070075\/2015-74, em cumprimento \u00e0 decis\u00e3o judicial liminar proferida no Mandado de Seguran\u00e7a n\u00ba 5047509-38.2020.4.04.7000\/PR, at\u00e9 que haja decis\u00e3o judicial definitiva.  <!-- wp:paragraph {\"align\":\"right\"} \n\n<p style=\"text-align:right\">Ricardo Marcelo Fonseca\n<\/p>\n","protected":false},"author":49,"featured_media":0,"comment_status":"closed","ping_status":"closed","sticky":false,"template":"","format":"standard","meta":{"_acf_changed":false,"iawp_total_views":1,"footnotes":""},"categories":[117],"tags":[132],"class_list":["post-60426","post","type-post","status-publish","format-standard","hentry","category-rt","tag-pad-sindicancia"],"acf":[],"_links":{"self":[{"href":"https:\/\/progepe.ufpr.br\/portarias\/wp-json\/wp\/v2\/posts\/60426","targetHints":{"allow":["GET"]}}],"collection":[{"href":"https:\/\/progepe.ufpr.br\/portarias\/wp-json\/wp\/v2\/posts"}],"about":[{"href":"https:\/\/progepe.ufpr.br\/portarias\/wp-json\/wp\/v2\/types\/post"}],"author":[{"embeddable":true,"href":"https:\/\/progepe.ufpr.br\/portarias\/wp-json\/wp\/v2\/users\/49"}],"replies":[{"embeddable":true,"href":"https:\/\/progepe.ufpr.br\/portarias\/wp-json\/wp\/v2\/comments?post=60426"}],"version-history":[{"count":1,"href":"https:\/\/progepe.ufpr.br\/portarias\/wp-json\/wp\/v2\/posts\/60426\/revisions"}],"predecessor-version":[{"id":196450,"href":"https:\/\/progepe.ufpr.br\/portarias\/wp-json\/wp\/v2\/posts\/60426\/revisions\/196450"}],"wp:attachment":[{"href":"https:\/\/progepe.ufpr.br\/portarias\/wp-json\/wp\/v2\/media?parent=60426"}],"wp:term":[{"taxonomy":"category","embeddable":true,"href":"https:\/\/progepe.ufpr.br\/portarias\/wp-json\/wp\/v2\/categories?post=60426"},{"taxonomy":"post_tag","embeddable":true,"href":"https:\/\/progepe.ufpr.br\/portarias\/wp-json\/wp\/v2\/tags?post=60426"}],"curies":[{"name":"wp","href":"https:\/\/api.w.org\/{rel}","templated":true}]}}