{"id":60468,"date":"2020-11-23T20:01:00","date_gmt":"2020-11-23T23:01:00","guid":{"rendered":"http:\/\/progepe.ufpr.br\/portal\/?post_type=portarias&#038;p=60468"},"modified":"2024-08-20T13:56:18","modified_gmt":"2024-08-20T16:56:18","slug":"dd-2020-00719","status":"publish","type":"post","link":"https:\/\/progepe.ufpr.br\/portarias\/dd-2020-00719\/","title":{"rendered":"PORTARIA N\u00ba 00719\/DD, DE 23 DE NOVEMBRO DE 2020"},"content":{"rendered":"\n<p style=\"padding-left:43%\">O Diretor Disciplinar da Universidade Federal do Paran\u00e1, no uso de suas atribui\u00e7\u00f5es, tendo em vista a compet\u00eancia que lhe \u00e9 conferida pela Portaria n\u00ba 593\/REITORIA, de 28 de agosto de 2017, o disposto nos artigos 143, 148, 149 e 152 da Lei n\u00ba 8.112, de 11 de dezembro de 1990, e o que consta no processo 23075.059210\/2018-73,<\/p>\n\n\n\n<p style=\"padding-left:43%\"><strong>RESOLVE:<\/strong><\/p>\n\n\n\n<p>Designar as servidoras KARINA BETTEGA FELIPE &#8211; 2273450, Professora do Magist\u00e9rio Superior, lotada no Departamento de An\u00e1lises Cl\u00ednicas do Setor de Ci\u00eancias da Sa\u00fade; D\u00c9BORA PARREIRA DA SILVA &#8211; 2280318, Auxiliar em Administra\u00e7\u00e3o, lotada na Unidade de Recrutamento de Pessoal da Pr\u00f3-Reitoria de Gest\u00e3o de Pessoas; e KATIA CRISTINA DE BRITO SOUZA &#8211; 1937887, Auxiliar de Nutri\u00e7\u00e3o e Diet\u00e9tica, lotada na Assessoria de Comunica\u00e7\u00e3o Social, para, sob a presid\u00eancia da primeira, constitu\u00edrem Comiss\u00e3o de Processo Administrativo Disciplinar com vistas a dar continuidade, no prazo de 60 (sessenta) dias, a contar de 25 de novembro de 2020, aos trabalhos de apura\u00e7\u00e3o dos fatos de que trata o processo 23075.059210\/2018-73, com aproveitamento de todos os atos e provas colhidas at\u00e9 o momento, bem como proceder ao exame dos atos e fatos conexos que emergirem no decorrer dos trabalhos.<\/p>\n","protected":false},"excerpt":{"rendered":"<p>Designar as servidoras KARINA BETTEGA FELIPE &#8211; 2273450, Professora do Magist\u00e9rio Superior, lotada no Departamento de An\u00e1lises Cl\u00ednicas do Setor de Ci\u00eancias da Sa\u00fade; D\u00c9BORA PARREIRA DA SILVA &#8211; 2280318, Auxiliar em Administra\u00e7\u00e3o, lotada na Unidade de Recrutamento de Pessoal da Pr\u00f3-Reitoria de Gest\u00e3o de Pessoas; e KATIA CRISTINA DE BRITO SOUZA &#8211; 1937887, Auxiliar de Nutri\u00e7\u00e3o e Diet\u00e9tica, lotada na Assessoria de Comunica\u00e7\u00e3o Social, para, sob a presid\u00eancia da primeira, constitu\u00edrem Comiss\u00e3o de Processo Administrativo Disciplinar com vistas a dar continuidade, no prazo de 60 (sessenta) dias, a contar de 25 de novembro de 2020, aos trabalhos<\/p>\n","protected":false},"author":13,"featured_media":0,"comment_status":"closed","ping_status":"closed","sticky":false,"template":"","format":"standard","meta":{"_acf_changed":false,"iawp_total_views":1,"footnotes":""},"categories":[118],"tags":[132],"class_list":["post-60468","post","type-post","status-publish","format-standard","hentry","category-dd","tag-pad-sindicancia"],"acf":[],"_links":{"self":[{"href":"https:\/\/progepe.ufpr.br\/portarias\/wp-json\/wp\/v2\/posts\/60468","targetHints":{"allow":["GET"]}}],"collection":[{"href":"https:\/\/progepe.ufpr.br\/portarias\/wp-json\/wp\/v2\/posts"}],"about":[{"href":"https:\/\/progepe.ufpr.br\/portarias\/wp-json\/wp\/v2\/types\/post"}],"author":[{"embeddable":true,"href":"https:\/\/progepe.ufpr.br\/portarias\/wp-json\/wp\/v2\/users\/13"}],"replies":[{"embeddable":true,"href":"https:\/\/progepe.ufpr.br\/portarias\/wp-json\/wp\/v2\/comments?post=60468"}],"version-history":[{"count":3,"href":"https:\/\/progepe.ufpr.br\/portarias\/wp-json\/wp\/v2\/posts\/60468\/revisions"}],"predecessor-version":[{"id":257116,"href":"https:\/\/progepe.ufpr.br\/portarias\/wp-json\/wp\/v2\/posts\/60468\/revisions\/257116"}],"wp:attachment":[{"href":"https:\/\/progepe.ufpr.br\/portarias\/wp-json\/wp\/v2\/media?parent=60468"}],"wp:term":[{"taxonomy":"category","embeddable":true,"href":"https:\/\/progepe.ufpr.br\/portarias\/wp-json\/wp\/v2\/categories?post=60468"},{"taxonomy":"post_tag","embeddable":true,"href":"https:\/\/progepe.ufpr.br\/portarias\/wp-json\/wp\/v2\/tags?post=60468"}],"curies":[{"name":"wp","href":"https:\/\/api.w.org\/{rel}","templated":true}]}}