{"id":60497,"date":"2020-11-18T05:01:00","date_gmt":"2020-11-18T08:01:00","guid":{"rendered":"http:\/\/progepe.ufpr.br\/portal\/?post_type=portarias&#038;p=60497"},"modified":"2024-08-06T14:56:15","modified_gmt":"2024-08-06T17:56:15","slug":"rt-2020-01517","status":"publish","type":"post","link":"https:\/\/progepe.ufpr.br\/portarias\/rt-2020-01517\/","title":{"rendered":"PORTARIA N\u00ba 01517\/REITORIA, DE 18 DE NOVEMBRO DE 2020"},"content":{"rendered":"\n<p style=\"padding-left:43%\">O Reitor da Universidade Federal do Paran\u00e1, no uso de suas atribui\u00e7\u00f5es considerando o que consta no Art. 9\u00ba, inciso II da Lei n\u00ba 8.112\/90 e tendo em vista o que consta no processo n\u00ba 23075.057977\/2020-82,<\/p>\n\n\n\n<p style=\"padding-left:43%\"><strong>RESOLVE:<\/strong><\/p>\n\n\n\n<p>I. Nomear, a partir da data de publica\u00e7\u00e3o em DOU, a servidora MARIENE RIBEIRO DA SILVA &#8211; 1316825, Assistente em Administra\u00e7\u00e3o, lotada na Se\u00e7\u00e3o de Gest\u00e3o Acad\u00eamica da Gradua\u00e7\u00e3o da Coordenadoria de Gest\u00e3o Acad\u00eamica do Setor Litoral, no regime de trabalho de 40 (quarenta) horas semanais, para exercer a Fun\u00e7\u00e3o Gratificada, FG-3, de Chefe da Se\u00e7\u00e3o de Gest\u00e3o Acad\u00eamica da Gradua\u00e7\u00e3o da Coordenadoria de Gest\u00e3o Acad\u00eamica do citado Setor, autorizada pela Medida Provis\u00f3ria n\u00ba 1.534\/1996, regulamentada pela Portaria Interministerial n\u00ba 1.407\/1996-MEC\/MARE.<\/p>\n\n\n\n<p>II. A citada servidora cumprir\u00e1, obrigatoriamente, o regime de trabalho de tempo integral, de acordo com o disposto no \u00a7 5\u00ba, Art. 1\u00ba da Lei n\u00ba 8.168\/91.<\/p>\n\n\n\n<p>III. Cessar, a partir da data de publica\u00e7\u00e3o em DOU, os efeitos da <a href=\"https:\/\/progepe.ufpr.br\/portarias\/rt-2020-00191\/\" data-type=\"post\" data-id=\"27144\">Portaria n\u00ba 191\/REITORIA, de 15 de janeiro de 2020<\/a>, que concedeu jornada flexibilizada \u00e0 citada servidora.<\/p>\n","protected":false},"excerpt":{"rendered":"<p>I. Nomear, a partir da data de publica\u00e7\u00e3o em DOU, a servidora MARIENE RIBEIRO DA SILVA &#8211; 1316825, Assistente em Administra\u00e7\u00e3o, lotada na Se\u00e7\u00e3o de Gest\u00e3o Acad\u00eamica da Gradua\u00e7\u00e3o da Coordenadoria de Gest\u00e3o Acad\u00eamica do Setor Litoral, no regime de trabalho de 40 (quarenta) horas semanais, para exercer a Fun\u00e7\u00e3o Gratificada, FG-3, de Chefe da Se\u00e7\u00e3o de Gest\u00e3o Acad\u00eamica da Gradua\u00e7\u00e3o da Coordenadoria de Gest\u00e3o Acad\u00eamica do citado Setor, autorizada pela Medida Provis\u00f3ria n\u00ba 1.534\/1996, regulamentada pela Portaria Interministerial n\u00ba 1.407\/1996-MEC\/MARE.  II. A citada servidora cumprir\u00e1, obrigatoriamente, o regime de trabalho de tempo integral, de acordo com<\/p>\n","protected":false},"author":49,"featured_media":0,"comment_status":"closed","ping_status":"closed","sticky":false,"template":"","format":"standard","meta":{"_acf_changed":false,"iawp_total_views":0,"footnotes":""},"categories":[117],"tags":[120],"class_list":["post-60497","post","type-post","status-publish","format-standard","hentry","category-rt","tag-funcao"],"acf":[],"_links":{"self":[{"href":"https:\/\/progepe.ufpr.br\/portarias\/wp-json\/wp\/v2\/posts\/60497","targetHints":{"allow":["GET"]}}],"collection":[{"href":"https:\/\/progepe.ufpr.br\/portarias\/wp-json\/wp\/v2\/posts"}],"about":[{"href":"https:\/\/progepe.ufpr.br\/portarias\/wp-json\/wp\/v2\/types\/post"}],"author":[{"embeddable":true,"href":"https:\/\/progepe.ufpr.br\/portarias\/wp-json\/wp\/v2\/users\/49"}],"replies":[{"embeddable":true,"href":"https:\/\/progepe.ufpr.br\/portarias\/wp-json\/wp\/v2\/comments?post=60497"}],"version-history":[{"count":2,"href":"https:\/\/progepe.ufpr.br\/portarias\/wp-json\/wp\/v2\/posts\/60497\/revisions"}],"predecessor-version":[{"id":256757,"href":"https:\/\/progepe.ufpr.br\/portarias\/wp-json\/wp\/v2\/posts\/60497\/revisions\/256757"}],"wp:attachment":[{"href":"https:\/\/progepe.ufpr.br\/portarias\/wp-json\/wp\/v2\/media?parent=60497"}],"wp:term":[{"taxonomy":"category","embeddable":true,"href":"https:\/\/progepe.ufpr.br\/portarias\/wp-json\/wp\/v2\/categories?post=60497"},{"taxonomy":"post_tag","embeddable":true,"href":"https:\/\/progepe.ufpr.br\/portarias\/wp-json\/wp\/v2\/tags?post=60497"}],"curies":[{"name":"wp","href":"https:\/\/api.w.org\/{rel}","templated":true}]}}