{"id":60502,"date":"2020-11-19T05:01:00","date_gmt":"2020-11-19T08:01:00","guid":{"rendered":"http:\/\/progepe.ufpr.br\/portal\/?post_type=portarias&#038;p=60502"},"modified":"2023-08-03T13:20:46","modified_gmt":"2023-08-03T16:20:46","slug":"rt-2020-01518","status":"publish","type":"post","link":"https:\/\/progepe.ufpr.br\/portarias\/rt-2020-01518\/","title":{"rendered":"PORTARIA N\u00ba 01518\/REITORIA, DE 19 DE NOVEMBRO DE 2020"},"content":{"rendered":"\n<p><strong>O\nReitor da Universidade Federal do Paran\u00e1, <\/strong>no uso de suas atribui\u00e7\u00f5es e tendo em\nvista o que consta no processo n\u00ba 23075.062931\/2020-85,<\/p>\n\n\n\n<p>RESOLVE:<\/p>\n\n\n\n<p>Exonerar, a partir de 22 de novembro de 2020, a servidora\nADELIA JUNGLOS ALVES &#8211; 343897, Assistente em Administra\u00e7\u00e3o, lotada na\nCoordenadoria de Apoio ao Estudante e \u00e0s Entidades Estudantis da Pr\u00f3-Reitoria\nde Assuntos Estudantis, no regime de trabalho de 40 (quarenta) horas semanais,\ndo Cargo de Dire\u00e7\u00e3o, CD-4, de Coordenadora da Coordenadoria de Apoio ao Estudante\ne \u00e0s Entidades Estudantis da citada Pr\u00f3-Reitoria.<\/p>\n\n\n\n<p style=\"text-align:right\">Ricardo Marcelo\nFonseca<\/p>\n","protected":false},"excerpt":{"rendered":"<p>Exonerar, a partir de 22 de novembro de 2020, a servidora ADELIA JUNGLOS ALVES &#8211; 343897, Assistente em Administra\u00e7\u00e3o, lotada na Coordenadoria de Apoio ao Estudante e \u00e0s Entidades Estudantis da Pr\u00f3-Reitoria de Assuntos Estudantis, no regime de trabalho de 40 (quarenta) horas semanais, do Cargo de Dire\u00e7\u00e3o, CD-4, de Coordenadora da Coordenadoria de Apoio ao Estudante e \u00e0s Entidades Estudantis da citada Pr\u00f3-Reitoria.  <!-- wp:paragraph {\"align\":\"right\"} \n\n<p style=\"text-align:right\">Ricardo Marcelo Fonseca\n<\/p>\n","protected":false},"author":49,"featured_media":0,"comment_status":"closed","ping_status":"closed","sticky":false,"template":"","format":"standard","meta":{"_acf_changed":false,"iawp_total_views":0,"footnotes":""},"categories":[117],"tags":[120],"class_list":["post-60502","post","type-post","status-publish","format-standard","hentry","category-rt","tag-funcao"],"acf":[],"_links":{"self":[{"href":"https:\/\/progepe.ufpr.br\/portarias\/wp-json\/wp\/v2\/posts\/60502","targetHints":{"allow":["GET"]}}],"collection":[{"href":"https:\/\/progepe.ufpr.br\/portarias\/wp-json\/wp\/v2\/posts"}],"about":[{"href":"https:\/\/progepe.ufpr.br\/portarias\/wp-json\/wp\/v2\/types\/post"}],"author":[{"embeddable":true,"href":"https:\/\/progepe.ufpr.br\/portarias\/wp-json\/wp\/v2\/users\/49"}],"replies":[{"embeddable":true,"href":"https:\/\/progepe.ufpr.br\/portarias\/wp-json\/wp\/v2\/comments?post=60502"}],"version-history":[{"count":1,"href":"https:\/\/progepe.ufpr.br\/portarias\/wp-json\/wp\/v2\/posts\/60502\/revisions"}],"predecessor-version":[{"id":196461,"href":"https:\/\/progepe.ufpr.br\/portarias\/wp-json\/wp\/v2\/posts\/60502\/revisions\/196461"}],"wp:attachment":[{"href":"https:\/\/progepe.ufpr.br\/portarias\/wp-json\/wp\/v2\/media?parent=60502"}],"wp:term":[{"taxonomy":"category","embeddable":true,"href":"https:\/\/progepe.ufpr.br\/portarias\/wp-json\/wp\/v2\/categories?post=60502"},{"taxonomy":"post_tag","embeddable":true,"href":"https:\/\/progepe.ufpr.br\/portarias\/wp-json\/wp\/v2\/tags?post=60502"}],"curies":[{"name":"wp","href":"https:\/\/api.w.org\/{rel}","templated":true}]}}