{"id":60504,"date":"2020-11-19T05:02:00","date_gmt":"2020-11-19T08:02:00","guid":{"rendered":"http:\/\/progepe.ufpr.br\/portal\/?post_type=portarias&#038;p=60504"},"modified":"2023-08-03T13:20:46","modified_gmt":"2023-08-03T16:20:46","slug":"rt-2020-01519","status":"publish","type":"post","link":"https:\/\/progepe.ufpr.br\/portarias\/rt-2020-01519\/","title":{"rendered":"PORTARIA N\u00ba 01519\/REITORIA, DE 19 DE NOVEMBRO DE 2020"},"content":{"rendered":"\n<p><strong>O\nReitor da Universidade Federal do Paran\u00e1, <\/strong>no uso de suas atribui\u00e7\u00f5es\nconsiderando o que consta no Art. 9\u00ba, inciso II da Lei n\u00ba 8.112\/90 e tendo em\nvista o que consta no processo n\u00ba 23075.062387\/2020-71,<\/p>\n\n\n\n<p>RESOLVE:<\/p>\n\n\n\n<p>I.\nNomear, a partir da data de publica\u00e7\u00e3o em DOU, a servidora LAUREN\nMACHADO PINTO &#8211; 3758632, Professora\ndo Magist\u00e9rio Superior, lotada no Departamento de Terapia Ocupacional do Setor\nde Ci\u00eancias da Sa\u00fade, no regime de trabalho de dedica\u00e7\u00e3o exclusiva, para\nexercer o Cargo de Dire\u00e7\u00e3o, CD-4, de Coordenadora da Coordenadoria de Apoio ao\nEstudante e \u00e0s Entidades Estudantis da Pr\u00f3-Reitoria de Assuntos Estudantis,\nautorizado pela Portaria do Minist\u00e9rio da Educa\u00e7\u00e3o n\u00ba 1.109, de 04 de setembro\nde 2008, publicada no DOU de 05.09.2008.<\/p>\n\n\n\n<p>II. A citada servidora cumprir\u00e1, obrigatoriamente, o\nregime de trabalho de tempo integral, de acordo com o disposto no \u00a7 5\u00ba, Art. 1\u00ba\nda Lei n\u00ba 8.168\/91.<\/p>\n\n\n\n<p style=\"text-align:right\">Ricardo Marcelo\nFonseca<\/p>\n","protected":false},"excerpt":{"rendered":"<p>I. Nomear, a partir da data de publica\u00e7\u00e3o em DOU, a servidora LAUREN MACHADO PINTO &#8211; 3758632, Professora do Magist\u00e9rio Superior, lotada no Departamento de Terapia Ocupacional do Setor de Ci\u00eancias da Sa\u00fade, no regime de trabalho de dedica\u00e7\u00e3o exclusiva, para exercer o Cargo de Dire\u00e7\u00e3o, CD-4, de Coordenadora da Coordenadoria de Apoio ao Estudante e \u00e0s Entidades Estudantis da Pr\u00f3-Reitoria de Assuntos Estudantis, autorizado pela Portaria do Minist\u00e9rio da Educa\u00e7\u00e3o n\u00ba 1.109, de 04 de setembro de 2008, publicada no DOU de 05.09.2008.  II. A citada servidora cumprir\u00e1, obrigatoriamente, o regime de trabalho de tempo integral,<\/p>\n","protected":false},"author":49,"featured_media":0,"comment_status":"closed","ping_status":"closed","sticky":false,"template":"","format":"standard","meta":{"_acf_changed":false,"iawp_total_views":2,"footnotes":""},"categories":[117],"tags":[120],"class_list":["post-60504","post","type-post","status-publish","format-standard","hentry","category-rt","tag-funcao"],"acf":[],"_links":{"self":[{"href":"https:\/\/progepe.ufpr.br\/portarias\/wp-json\/wp\/v2\/posts\/60504","targetHints":{"allow":["GET"]}}],"collection":[{"href":"https:\/\/progepe.ufpr.br\/portarias\/wp-json\/wp\/v2\/posts"}],"about":[{"href":"https:\/\/progepe.ufpr.br\/portarias\/wp-json\/wp\/v2\/types\/post"}],"author":[{"embeddable":true,"href":"https:\/\/progepe.ufpr.br\/portarias\/wp-json\/wp\/v2\/users\/49"}],"replies":[{"embeddable":true,"href":"https:\/\/progepe.ufpr.br\/portarias\/wp-json\/wp\/v2\/comments?post=60504"}],"version-history":[{"count":1,"href":"https:\/\/progepe.ufpr.br\/portarias\/wp-json\/wp\/v2\/posts\/60504\/revisions"}],"predecessor-version":[{"id":196462,"href":"https:\/\/progepe.ufpr.br\/portarias\/wp-json\/wp\/v2\/posts\/60504\/revisions\/196462"}],"wp:attachment":[{"href":"https:\/\/progepe.ufpr.br\/portarias\/wp-json\/wp\/v2\/media?parent=60504"}],"wp:term":[{"taxonomy":"category","embeddable":true,"href":"https:\/\/progepe.ufpr.br\/portarias\/wp-json\/wp\/v2\/categories?post=60504"},{"taxonomy":"post_tag","embeddable":true,"href":"https:\/\/progepe.ufpr.br\/portarias\/wp-json\/wp\/v2\/tags?post=60504"}],"curies":[{"name":"wp","href":"https:\/\/api.w.org\/{rel}","templated":true}]}}