{"id":60512,"date":"2020-11-20T05:00:00","date_gmt":"2020-11-20T08:00:00","guid":{"rendered":"http:\/\/progepe.ufpr.br\/portal\/?post_type=portarias&#038;p=60512"},"modified":"2023-08-03T13:20:47","modified_gmt":"2023-08-03T16:20:47","slug":"rt-2020-01529","status":"publish","type":"post","link":"https:\/\/progepe.ufpr.br\/portarias\/rt-2020-01529\/","title":{"rendered":"PORTARIA N\u00ba 01529\/REITORIA, DE 20 DE NOVEMBRO DE 2020"},"content":{"rendered":"\n<p><strong>O Reitor da Universidade Federal do Paran\u00e1, <\/strong>no uso de\nsuas atribui\u00e7\u00f5es e tendo em vista o que consta no processo n\u00ba\n23075.064179\/2020-15,<\/p>\n\n\n\n<p>RESOLVE:<\/p>\n\n\n\n<p>Cessar, a partir de 13 de novembro de 2020, os efeitos\nda Portaria n\u00ba 1.014\/REITORIA, de 21 de maio de 2020, publicada no DOU de\n26.05.2020, Se\u00e7\u00e3o 2, p\u00e1g. 23, referente \u00e0 designa\u00e7\u00e3o do servidor FERNANDO SURECK LEAL &#8211; 2194014, ocupante do cargo de Contador, como substituto\neventual da servidora LAUREN\nMACHADO PINTO &#8211; 3758632, na Fun\u00e7\u00e3o Gratificada, FG-1, de Chefe da Unidade de Apoio Psicossocial da\nCoordenadoria de Assist\u00eancia Estudantil da Pr\u00f3-Reitoria de Assuntos Estudantis,\ntendo em vista o que\nconsta na Portaria n\u00ba 1.481\/REITORIA, de 17 de novembro de 2020.<\/p>\n\n\n\n<p style=\"text-align:right\">Ricardo\nMarcelo Fonseca<\/p>\n","protected":false},"excerpt":{"rendered":"<p>Cessar, a partir de 13 de novembro de 2020, os efeitos da Portaria n\u00ba 1.014\/REITORIA, de 21 de maio de 2020, publicada no DOU de 26.05.2020, Se\u00e7\u00e3o 2, p\u00e1g. 23, referente \u00e0 designa\u00e7\u00e3o do servidor FERNANDO SURECK LEAL &#8211; 2194014, ocupante do cargo de Contador, como substituto eventual da servidora LAUREN MACHADO PINTO &#8211; 3758632, na Fun\u00e7\u00e3o Gratificada, FG-1, de Chefe da Unidade de Apoio Psicossocial da Coordenadoria de Assist\u00eancia Estudantil da Pr\u00f3-Reitoria de Assuntos Estudantis, tendo em vista o que consta na Portaria n\u00ba 1.481\/REITORIA, de 17 de novembro de 2020.  <!-- wp:paragraph {\"align\":\"right\"} \n\n<p style=\"text-align:right\">Ricardo\n<\/p>\n","protected":false},"author":49,"featured_media":0,"comment_status":"closed","ping_status":"closed","sticky":false,"template":"","format":"standard","meta":{"_acf_changed":false,"iawp_total_views":0,"footnotes":""},"categories":[117],"tags":[120],"class_list":["post-60512","post","type-post","status-publish","format-standard","hentry","category-rt","tag-funcao"],"acf":[],"_links":{"self":[{"href":"https:\/\/progepe.ufpr.br\/portarias\/wp-json\/wp\/v2\/posts\/60512","targetHints":{"allow":["GET"]}}],"collection":[{"href":"https:\/\/progepe.ufpr.br\/portarias\/wp-json\/wp\/v2\/posts"}],"about":[{"href":"https:\/\/progepe.ufpr.br\/portarias\/wp-json\/wp\/v2\/types\/post"}],"author":[{"embeddable":true,"href":"https:\/\/progepe.ufpr.br\/portarias\/wp-json\/wp\/v2\/users\/49"}],"replies":[{"embeddable":true,"href":"https:\/\/progepe.ufpr.br\/portarias\/wp-json\/wp\/v2\/comments?post=60512"}],"version-history":[{"count":1,"href":"https:\/\/progepe.ufpr.br\/portarias\/wp-json\/wp\/v2\/posts\/60512\/revisions"}],"predecessor-version":[{"id":196463,"href":"https:\/\/progepe.ufpr.br\/portarias\/wp-json\/wp\/v2\/posts\/60512\/revisions\/196463"}],"wp:attachment":[{"href":"https:\/\/progepe.ufpr.br\/portarias\/wp-json\/wp\/v2\/media?parent=60512"}],"wp:term":[{"taxonomy":"category","embeddable":true,"href":"https:\/\/progepe.ufpr.br\/portarias\/wp-json\/wp\/v2\/categories?post=60512"},{"taxonomy":"post_tag","embeddable":true,"href":"https:\/\/progepe.ufpr.br\/portarias\/wp-json\/wp\/v2\/tags?post=60512"}],"curies":[{"name":"wp","href":"https:\/\/api.w.org\/{rel}","templated":true}]}}