{"id":60519,"date":"2020-11-23T10:07:00","date_gmt":"2020-11-23T13:07:00","guid":{"rendered":"http:\/\/progepe.ufpr.br\/portal\/?post_type=portarias&#038;p=60519"},"modified":"2023-08-03T12:59:27","modified_gmt":"2023-08-03T15:59:27","slug":"progepe-2020-03286","status":"publish","type":"post","link":"https:\/\/progepe.ufpr.br\/portarias\/progepe-2020-03286\/","title":{"rendered":"PORTARIA N\u00ba 03286\/PROGEPE, DE 23 DE NOVEMBRO DE 2020"},"content":{"rendered":"\n<p><strong>O Pr\u00f3-Reitor de Gest\u00e3o de\nPessoas da Universidade Federal do Paran\u00e1,<\/strong> no uso de suas atribui\u00e7\u00f5es,\ntendo em vista a compet\u00eancia que lhe \u00e9 conferida pela Portaria n\u00ba 2.590, de 26\nde setembro de 1997; considerando o que consta na Lei n\u00ba 12.772\/2012; Resolu\u00e7\u00e3o\nn\u00ba 13-A\/2015-CEPE; e, o contido no processo n\u00ba 23075.011732\/2020-17,<\/p>\n\n\n\n<p>RESOLVE:<\/p>\n\n\n\n<p>I. Conceder retribui\u00e7\u00e3o por titula\u00e7\u00e3o \u00e0 servidora CARLA\nDANIELE STRAUB &#8211; 1426466, ocupante do cargo de Professora do Ensino B\u00e1sico,\nT\u00e9cnico e Tecnol\u00f3gico, classe D, n\u00edvel 102, no regime de trabalho de dedica\u00e7\u00e3o\nexclusiva, lotada no Setor Litoral, tendo em vista o reconhecimento de saberes\ne compet\u00eancias RSC-III equivalente \u00e0 titula\u00e7\u00e3o de Doutorado, conforme parecer\nda CPPD.<\/p>\n\n\n\n<p>II. Os efeitos financeiros desta Portaria ser\u00e3o\nconcedidos a partir de 21 de novembro de 2020.<\/p>\n\n\n\n<p style=\"text-align:right\">Douglas Ortiz Hamermuller<\/p>\n","protected":false},"excerpt":{"rendered":"<p>I. Conceder retribui\u00e7\u00e3o por titula\u00e7\u00e3o \u00e0 servidora CARLA DANIELE STRAUB &#8211; 1426466, ocupante do cargo de Professora do Ensino B\u00e1sico, T\u00e9cnico e Tecnol\u00f3gico, classe D, n\u00edvel 102, no regime de trabalho de dedica\u00e7\u00e3o exclusiva, lotada no Setor Litoral, tendo em vista o reconhecimento de saberes e compet\u00eancias RSC-III equivalente \u00e0 titula\u00e7\u00e3o de Doutorado, conforme parecer da CPPD.  II. Os efeitos financeiros desta Portaria ser\u00e3o concedidos a partir de 21 de novembro de 2020.  <!-- wp:paragraph {\"align\":\"right\"} \n\n<p style=\"text-align:right\">Douglas Ortiz Hamermuller\n<\/p>\n","protected":false},"author":49,"featured_media":0,"comment_status":"closed","ping_status":"closed","sticky":false,"template":"","format":"standard","meta":{"_acf_changed":false,"iawp_total_views":0,"footnotes":""},"categories":[116],"tags":[147],"class_list":["post-60519","post","type-post","status-publish","format-standard","hentry","category-progepe","tag-retribuicao-titulacao"],"acf":[],"_links":{"self":[{"href":"https:\/\/progepe.ufpr.br\/portarias\/wp-json\/wp\/v2\/posts\/60519","targetHints":{"allow":["GET"]}}],"collection":[{"href":"https:\/\/progepe.ufpr.br\/portarias\/wp-json\/wp\/v2\/posts"}],"about":[{"href":"https:\/\/progepe.ufpr.br\/portarias\/wp-json\/wp\/v2\/types\/post"}],"author":[{"embeddable":true,"href":"https:\/\/progepe.ufpr.br\/portarias\/wp-json\/wp\/v2\/users\/49"}],"replies":[{"embeddable":true,"href":"https:\/\/progepe.ufpr.br\/portarias\/wp-json\/wp\/v2\/comments?post=60519"}],"version-history":[{"count":1,"href":"https:\/\/progepe.ufpr.br\/portarias\/wp-json\/wp\/v2\/posts\/60519\/revisions"}],"predecessor-version":[{"id":196465,"href":"https:\/\/progepe.ufpr.br\/portarias\/wp-json\/wp\/v2\/posts\/60519\/revisions\/196465"}],"wp:attachment":[{"href":"https:\/\/progepe.ufpr.br\/portarias\/wp-json\/wp\/v2\/media?parent=60519"}],"wp:term":[{"taxonomy":"category","embeddable":true,"href":"https:\/\/progepe.ufpr.br\/portarias\/wp-json\/wp\/v2\/categories?post=60519"},{"taxonomy":"post_tag","embeddable":true,"href":"https:\/\/progepe.ufpr.br\/portarias\/wp-json\/wp\/v2\/tags?post=60519"}],"curies":[{"name":"wp","href":"https:\/\/api.w.org\/{rel}","templated":true}]}}