{"id":60526,"date":"2020-11-19T05:03:00","date_gmt":"2020-11-19T08:03:00","guid":{"rendered":"http:\/\/progepe.ufpr.br\/portal\/?post_type=portarias&#038;p=60526"},"modified":"2023-08-03T13:20:46","modified_gmt":"2023-08-03T16:20:46","slug":"rt-2020-01520","status":"publish","type":"post","link":"https:\/\/progepe.ufpr.br\/portarias\/rt-2020-01520\/","title":{"rendered":"PORTARIA N\u00ba 01520\/REITORIA, DE 19 DE NOVEMBRO DE 2020"},"content":{"rendered":"\n<p><strong>O Reitor da Universidade Federal do Paran\u00e1,<\/strong>  no uso de suas atribui\u00e7\u00f5es, tendo em vista a compet\u00eancia que lhe \u00e9  conferida pela Portaria n\u00ba 1.427\/MEC, de 06 de agosto de 2019, publicada  no DOU de 07.08.2019; o que consta no Art. 9\u00ba, inciso I da Lei n\u00ba  8.112\/90; Decreto n\u00ba 7.485, de 18.05.2011, publicado no DOU de  19.05.2011, atualizado pelo Decreto n\u00ba 8.259, de 20.05.2014, publicado  no DOU de 30.05.2014; Lei n\u00ba 12.772\/2012 e suas altera\u00e7\u00f5es; e ainda o  que consta no processo n\u00ba 23075.088718\/2019-60, <\/p>\n\n\n\n<p>RESOLVE:<\/p>\n\n\n\n<p>I. Nomear em car\u00e1ter efetivo, GIOVANI \nRIBEIRO RODRIGUES ALVES, habilitado em concurso p\u00fablico de provas e \nt\u00edtulos, homologado em 24.12.2019, para o cargo de Professor na carreira\n de Magist\u00e9rio Superior, classe A, Adjunto A, n\u00edvel I, em regime de \ntrabalho de 20 (vinte) horas semanais, na \u00e1rea de conhecimento: Direito \nEmpresarial, para o Departamento de Administra\u00e7\u00e3o Geral e Aplicada do \nSetor de Ci\u00eancias da Sociais Aplicadas, na vaga de c\u00f3digo n\u00ba 264038.<\/p>\n\n\n\n<p>II. Conceder retribui\u00e7\u00e3o por titula\u00e7\u00e3o, de  acordo com o Art. 16, Inciso II e Art. 17 da Lei n\u00ba 12.772\/2012, a  partir da data de exerc\u00edcio, tendo em vista possuir o t\u00edtulo de Doutor.<\/p>\n\n\n\n<p style=\"text-align:right\"><strong>RICARDO MARCELO FONSECA<\/strong><\/p>\n","protected":false},"excerpt":{"rendered":"<p>I. Nomear em car\u00e1ter efetivo, GIOVANI RIBEIRO RODRIGUES ALVES, habilitado em concurso p\u00fablico de provas e t\u00edtulos, homologado em 24.12.2019, para o cargo de Professor na carreira de Magist\u00e9rio Superior, classe A, Adjunto A, n\u00edvel I, em regime de trabalho de 20 (vinte) horas semanais, na \u00e1rea de conhecimento: Direito Empresarial, para o Departamento de Administra\u00e7\u00e3o Geral e Aplicada do Setor de Ci\u00eancias da Sociais Aplicadas, na vaga de c\u00f3digo n\u00ba 264038.  II. Conceder retribui\u00e7\u00e3o por titula\u00e7\u00e3o, de acordo com o Art. 16, Inciso II e Art. 17 da Lei n\u00ba 12.772\/2012, a partir da data de<\/p>\n","protected":false},"author":48,"featured_media":0,"comment_status":"closed","ping_status":"closed","sticky":false,"template":"","format":"standard","meta":{"_acf_changed":false,"iawp_total_views":0,"footnotes":""},"categories":[117],"tags":[121],"class_list":["post-60526","post","type-post","status-publish","format-standard","hentry","category-rt","tag-nomeacao"],"acf":[],"_links":{"self":[{"href":"https:\/\/progepe.ufpr.br\/portarias\/wp-json\/wp\/v2\/posts\/60526","targetHints":{"allow":["GET"]}}],"collection":[{"href":"https:\/\/progepe.ufpr.br\/portarias\/wp-json\/wp\/v2\/posts"}],"about":[{"href":"https:\/\/progepe.ufpr.br\/portarias\/wp-json\/wp\/v2\/types\/post"}],"author":[{"embeddable":true,"href":"https:\/\/progepe.ufpr.br\/portarias\/wp-json\/wp\/v2\/users\/48"}],"replies":[{"embeddable":true,"href":"https:\/\/progepe.ufpr.br\/portarias\/wp-json\/wp\/v2\/comments?post=60526"}],"version-history":[{"count":1,"href":"https:\/\/progepe.ufpr.br\/portarias\/wp-json\/wp\/v2\/posts\/60526\/revisions"}],"predecessor-version":[{"id":196467,"href":"https:\/\/progepe.ufpr.br\/portarias\/wp-json\/wp\/v2\/posts\/60526\/revisions\/196467"}],"wp:attachment":[{"href":"https:\/\/progepe.ufpr.br\/portarias\/wp-json\/wp\/v2\/media?parent=60526"}],"wp:term":[{"taxonomy":"category","embeddable":true,"href":"https:\/\/progepe.ufpr.br\/portarias\/wp-json\/wp\/v2\/categories?post=60526"},{"taxonomy":"post_tag","embeddable":true,"href":"https:\/\/progepe.ufpr.br\/portarias\/wp-json\/wp\/v2\/tags?post=60526"}],"curies":[{"name":"wp","href":"https:\/\/api.w.org\/{rel}","templated":true}]}}