{"id":60742,"date":"2020-11-25T10:07:00","date_gmt":"2020-11-25T13:07:00","guid":{"rendered":"http:\/\/progepe.ufpr.br\/portal\/?post_type=portarias&#038;p=60742"},"modified":"2023-08-03T12:59:29","modified_gmt":"2023-08-03T15:59:29","slug":"progepe-2020-03298","status":"publish","type":"post","link":"https:\/\/progepe.ufpr.br\/portarias\/progepe-2020-03298\/","title":{"rendered":"PORTARIA N\u00ba 03298\/PROGEPE, DE 25 DE NOVEMBRO DE 2020"},"content":{"rendered":"\n<p><strong>O Pr\u00f3-Reitor de Gest\u00e3o de Pessoas da Universidade Federal do Paran\u00e1,<\/strong>  no uso de suas atribui\u00e7\u00f5es, tendo em vista a compet\u00eancia que lhe \u00e9  conferida pela Portaria n\u00ba 2.590, de 26 de setembro de 1997; o que  consta no Art. 100 e 103 da Lei n\u00ba 8.112\/90 e ainda o contido no  processo n\u00ba 23075.063526\/2020-84, <\/p>\n\n\n\n<p>RESOLVE:<\/p>\n\n\n\n<p>Averbar, a partir de 16 de novembro de \n2020, em favor do servidor JOAO BATISTA MASICZ &#8211; 342529, ocupante do \ncargo de Assistente em Administra\u00e7\u00e3o, lotado na Biblioteca Central do \nSistema de Bibliotecas, o tempo de servi\u00e7o abaixo listado, para fins de:<\/p>\n\n\n\n<p>Aposentadoria e disponibilidade:<\/p>\n\n\n\n<table class=\"wp-block-table\"><tbody><tr><td>\n\t\t\tEMPRESA\n\t\t\t<\/td><td>\n\t\t\tPER\u00cdODO\n\t\t\t<\/td><td>\n\t\t\tTOTAL DE DIAS\n\t\t\t<\/td><\/tr><tr><td>\n\t\t\tPANIFICADORA 7 DE ABRIL LTDA\n\t\t\t<\/td><td>\n\t\t\t12\/09\/1984 a 17\/02\/1985&nbsp;\n\t\t\t<\/td><td>\n\t\t\t159\n\t\t\t<\/td><\/tr><tr><td>\n\t\t\tTEMPO FLORESTAL S\/A\n\t\t\t<\/td><td>\n\t\t\t02\/09\/1985 a 13\/02\/1986&nbsp;\n\t\t\t<\/td><td>\n\t\t\t165<\/td><\/tr><\/tbody><\/table>\n\n\n\n<p style=\"text-align:right\"><strong>DOUGLAS ORTIZ HAMERMULLER<\/strong><\/p>\n","protected":false},"excerpt":{"rendered":"<p>Averbar, a partir de 16 de novembro de 2020, em favor do servidor JOAO BATISTA MASICZ &#8211; 342529, ocupante do cargo de Assistente em Administra\u00e7\u00e3o, lotado na Biblioteca Central do Sistema de Bibliotecas, o tempo de servi\u00e7o abaixo listado, para fins de:  Aposentadoria e disponibilidade:  <!-- wp:table \n\n<table class=\"wp-block-table\">\n\n<tbody>\n\n<tr>\n\n<td>  EMPRESA  <\/td>\n\n\n\n<td>  PER\u00cdODO  <\/td>\n\n\n\n<td>  TOTAL DE DIAS  <\/td>\n\n<\/tr>\n\n\n\n<tr>\n\n<td>  PANIFICADORA 7 DE ABRIL LTDA  <\/td>\n\n\n\n<td>  12\/09\/1984 a 17\/02\/1985&nbsp;  <\/td>\n\n\n\n<td>  159  <\/td>\n\n<\/tr>\n\n\n\n<tr>\n\n<td>  TEMPO FLORESTAL S\/A  <\/td>\n\n\n\n<td>  02\/09\/1985 a 13\/02\/1986&nbsp;  <\/td>\n\n\n\n<td>  165<\/td>\n\n<\/tr>\n\n<\/tbody>\n\n<\/table>\n\n <!--\n<\/p>\n","protected":false},"author":48,"featured_media":0,"comment_status":"closed","ping_status":"closed","sticky":false,"template":"","format":"standard","meta":{"_acf_changed":false,"iawp_total_views":0,"footnotes":""},"categories":[116],"tags":[140],"class_list":["post-60742","post","type-post","status-publish","format-standard","hentry","category-progepe","tag-averbacao-desaverbacao"],"acf":[],"_links":{"self":[{"href":"https:\/\/progepe.ufpr.br\/portarias\/wp-json\/wp\/v2\/posts\/60742","targetHints":{"allow":["GET"]}}],"collection":[{"href":"https:\/\/progepe.ufpr.br\/portarias\/wp-json\/wp\/v2\/posts"}],"about":[{"href":"https:\/\/progepe.ufpr.br\/portarias\/wp-json\/wp\/v2\/types\/post"}],"author":[{"embeddable":true,"href":"https:\/\/progepe.ufpr.br\/portarias\/wp-json\/wp\/v2\/users\/48"}],"replies":[{"embeddable":true,"href":"https:\/\/progepe.ufpr.br\/portarias\/wp-json\/wp\/v2\/comments?post=60742"}],"version-history":[{"count":1,"href":"https:\/\/progepe.ufpr.br\/portarias\/wp-json\/wp\/v2\/posts\/60742\/revisions"}],"predecessor-version":[{"id":196497,"href":"https:\/\/progepe.ufpr.br\/portarias\/wp-json\/wp\/v2\/posts\/60742\/revisions\/196497"}],"wp:attachment":[{"href":"https:\/\/progepe.ufpr.br\/portarias\/wp-json\/wp\/v2\/media?parent=60742"}],"wp:term":[{"taxonomy":"category","embeddable":true,"href":"https:\/\/progepe.ufpr.br\/portarias\/wp-json\/wp\/v2\/categories?post=60742"},{"taxonomy":"post_tag","embeddable":true,"href":"https:\/\/progepe.ufpr.br\/portarias\/wp-json\/wp\/v2\/tags?post=60742"}],"curies":[{"name":"wp","href":"https:\/\/api.w.org\/{rel}","templated":true}]}}