{"id":60797,"date":"2020-11-26T05:01:00","date_gmt":"2020-11-26T08:01:00","guid":{"rendered":"http:\/\/progepe.ufpr.br\/portal\/?post_type=portarias&#038;p=60797"},"modified":"2023-08-03T13:20:49","modified_gmt":"2023-08-03T16:20:49","slug":"rt-2020-01544","status":"publish","type":"post","link":"https:\/\/progepe.ufpr.br\/portarias\/rt-2020-01544\/","title":{"rendered":"PORTARIA N\u00ba 01544\/REITORIA, DE 26 DE NOVEMBRO DE 2020"},"content":{"rendered":"\n<p><strong>O Reitor da Universidade Federal do Paran\u00e1, <\/strong>no uso de\nsuas atribui\u00e7\u00f5es e tendo em vista o que consta no processo n\u00ba 23075.053114\/2020-36,<\/p>\n\n\n\n<p>RESOLVE:<\/p>\n\n\n\n<p>Designar as\nservidoras CLAUDIA GARCIA CAVALCANTE &#8211; 2258057, Professora do Magist\u00e9rio Superior e CARLA DANIELE\nSTRAUB\n&#8211; 1426466, Professora do Ensino B\u00e1sico, T\u00e9cnico e Tecnol\u00f3gico, como\nrepresentantes do Setor Litoral, junto a Comiss\u00e3o Permanente de Pessoal Docente\n&#8211; CPPD, por 02 (dois) anos, a partir de 03 de dezembro de 2020.<\/p>\n\n\n\n<p style=\"text-align:right\">Ricardo\nMarcelo Fonseca<\/p>\n","protected":false},"excerpt":{"rendered":"<p>Designar as servidoras CLAUDIA GARCIA CAVALCANTE &#8211; 2258057, Professora do Magist\u00e9rio Superior e CARLA DANIELE STRAUB &#8211; 1426466, Professora do Ensino B\u00e1sico, T\u00e9cnico e Tecnol\u00f3gico, como representantes do Setor Litoral, junto a Comiss\u00e3o Permanente de Pessoal Docente &#8211; CPPD, por 02 (dois) anos, a partir de 03 de dezembro de 2020.  <!-- wp:paragraph {\"align\":\"right\"} \n\n<p style=\"text-align:right\">Ricardo Marcelo Fonseca\n<\/p>\n","protected":false},"author":49,"featured_media":0,"comment_status":"closed","ping_status":"closed","sticky":false,"template":"","format":"standard","meta":{"_acf_changed":false,"iawp_total_views":3,"footnotes":""},"categories":[117],"tags":[126],"class_list":["post-60797","post","type-post","status-publish","format-standard","hentry","category-rt","tag-representante"],"acf":[],"_links":{"self":[{"href":"https:\/\/progepe.ufpr.br\/portarias\/wp-json\/wp\/v2\/posts\/60797","targetHints":{"allow":["GET"]}}],"collection":[{"href":"https:\/\/progepe.ufpr.br\/portarias\/wp-json\/wp\/v2\/posts"}],"about":[{"href":"https:\/\/progepe.ufpr.br\/portarias\/wp-json\/wp\/v2\/types\/post"}],"author":[{"embeddable":true,"href":"https:\/\/progepe.ufpr.br\/portarias\/wp-json\/wp\/v2\/users\/49"}],"replies":[{"embeddable":true,"href":"https:\/\/progepe.ufpr.br\/portarias\/wp-json\/wp\/v2\/comments?post=60797"}],"version-history":[{"count":1,"href":"https:\/\/progepe.ufpr.br\/portarias\/wp-json\/wp\/v2\/posts\/60797\/revisions"}],"predecessor-version":[{"id":196500,"href":"https:\/\/progepe.ufpr.br\/portarias\/wp-json\/wp\/v2\/posts\/60797\/revisions\/196500"}],"wp:attachment":[{"href":"https:\/\/progepe.ufpr.br\/portarias\/wp-json\/wp\/v2\/media?parent=60797"}],"wp:term":[{"taxonomy":"category","embeddable":true,"href":"https:\/\/progepe.ufpr.br\/portarias\/wp-json\/wp\/v2\/categories?post=60797"},{"taxonomy":"post_tag","embeddable":true,"href":"https:\/\/progepe.ufpr.br\/portarias\/wp-json\/wp\/v2\/tags?post=60797"}],"curies":[{"name":"wp","href":"https:\/\/api.w.org\/{rel}","templated":true}]}}