{"id":60852,"date":"2020-11-26T10:11:00","date_gmt":"2020-11-26T13:11:00","guid":{"rendered":"http:\/\/progepe.ufpr.br\/portal\/?post_type=portarias&#038;p=60852"},"modified":"2023-08-03T12:59:33","modified_gmt":"2023-08-03T15:59:33","slug":"progepe-2020-03330","status":"publish","type":"post","link":"https:\/\/progepe.ufpr.br\/portarias\/progepe-2020-03330\/","title":{"rendered":"PORTARIA N\u00ba 03330\/PROGEPE, DE 26 DE NOVEMBRO DE 2020"},"content":{"rendered":"\n<p><strong>O Pr\u00f3-Reitor de Gest\u00e3o de Pessoas da Universidade Federal do Paran\u00e1, <\/strong>no  uso de suas atribui\u00e7\u00f5es, tendo em vista a compet\u00eancia que lhe \u00e9  conferida pela Portaria n\u00ba 2.590, de 26 de setembro de 1997, de acordo  com o Art. 10, \u00a7 1\u00ba e 4\u00ba da Lei n\u00ba 11.091\/05; Art. 4\u00ba \u00a7 1\u00ba do Decreto n\u00ba  5.824\/06; Portaria MEC 09\/06; Portaria MEC 39\/11; Parecer MEC  50151\/2015\/DCC\/COLEP\/CGGP\/SAA; Portaria n\u00ba 18.908\/PROGEPE, de  16.08.2016; e, ainda o contido no processo n\u00ba 23075.052168\/2020-84, <\/p>\n\n\n\n<p>RESOLVE:<\/p>\n\n\n\n<p>I. Conceder progress\u00e3o por capacita\u00e7\u00e3o \nprofissional ao servidor RAFAEL JESUS JOSE DE SOUZA \u2013 1390193, ocupante \ndo cargo Assistente em Administra\u00e7\u00e3o, lotado no Departamento de \nInform\u00e1tica do Setor de Ci\u00eancias Exatas, do n\u00edvel D-01 para o n\u00edvel \nD-02, padr\u00e3o de Vencimento 02, a partir de 01 de outubro de 2020, \nconforme Parecer da Unidade de An\u00e1lise de T\u00edtulos (3139339), no processo\n n\u00ba 23075.052168\/2020-84.<\/p>\n\n\n\n<p>II. O citado servidor acumula para a pr\u00f3xima progress\u00e3o por capacita\u00e7\u00e3o 10 h (dez horas).<\/p>\n\n\n\n<p class=\"has-text-align-right\"><\/p>\n","protected":false},"excerpt":{"rendered":"<p>I. Conceder progress\u00e3o por capacita\u00e7\u00e3o profissional ao servidor RAFAEL JESUS JOSE DE SOUZA \u2013 1390193, ocupante do cargo Assistente em Administra\u00e7\u00e3o, lotado no Departamento de Inform\u00e1tica do Setor de Ci\u00eancias Exatas, do n\u00edvel D-01 para o n\u00edvel D-02, padr\u00e3o de Vencimento 02, a partir de 01 de outubro de 2020, conforme Parecer da Unidade de An\u00e1lise de T\u00edtulos (3139339), no processo n\u00ba 23075.052168\/2020-84.  II. O citado servidor acumula para a pr\u00f3xima progress\u00e3o por capacita\u00e7\u00e3o 10 h (dez horas).  <!-- wp:paragraph {\"align\":\"right\"} \n\n<p class=\"has-text-align-right\">\n<\/p>\n","protected":false},"author":48,"featured_media":0,"comment_status":"closed","ping_status":"open","sticky":false,"template":"","format":"standard","meta":{"_acf_changed":false,"iawp_total_views":0,"footnotes":""},"categories":[116],"tags":[143],"class_list":["post-60852","post","type-post","status-publish","format-standard","hentry","category-progepe","tag-progressao-promocao"],"acf":[],"_links":{"self":[{"href":"https:\/\/progepe.ufpr.br\/portarias\/wp-json\/wp\/v2\/posts\/60852","targetHints":{"allow":["GET"]}}],"collection":[{"href":"https:\/\/progepe.ufpr.br\/portarias\/wp-json\/wp\/v2\/posts"}],"about":[{"href":"https:\/\/progepe.ufpr.br\/portarias\/wp-json\/wp\/v2\/types\/post"}],"author":[{"embeddable":true,"href":"https:\/\/progepe.ufpr.br\/portarias\/wp-json\/wp\/v2\/users\/48"}],"replies":[{"embeddable":true,"href":"https:\/\/progepe.ufpr.br\/portarias\/wp-json\/wp\/v2\/comments?post=60852"}],"version-history":[{"count":2,"href":"https:\/\/progepe.ufpr.br\/portarias\/wp-json\/wp\/v2\/posts\/60852\/revisions"}],"predecessor-version":[{"id":90812,"href":"https:\/\/progepe.ufpr.br\/portarias\/wp-json\/wp\/v2\/posts\/60852\/revisions\/90812"}],"wp:attachment":[{"href":"https:\/\/progepe.ufpr.br\/portarias\/wp-json\/wp\/v2\/media?parent=60852"}],"wp:term":[{"taxonomy":"category","embeddable":true,"href":"https:\/\/progepe.ufpr.br\/portarias\/wp-json\/wp\/v2\/categories?post=60852"},{"taxonomy":"post_tag","embeddable":true,"href":"https:\/\/progepe.ufpr.br\/portarias\/wp-json\/wp\/v2\/tags?post=60852"}],"curies":[{"name":"wp","href":"https:\/\/api.w.org\/{rel}","templated":true}]}}