{"id":60866,"date":"2020-11-27T10:00:00","date_gmt":"2020-11-27T13:00:00","guid":{"rendered":"http:\/\/progepe.ufpr.br\/portal\/?post_type=portarias&#038;p=60866"},"modified":"2023-08-03T12:59:33","modified_gmt":"2023-08-03T15:59:33","slug":"progepe-2020-03335","status":"publish","type":"post","link":"https:\/\/progepe.ufpr.br\/portarias\/progepe-2020-03335\/","title":{"rendered":"PORTARIA N\u00ba 03335\/PROGEPE, DE 27 DE NOVEMBRO DE 2020"},"content":{"rendered":"\n<p><strong>O Pr\u00f3-Reitor de Gest\u00e3o de\nPessoas da Universidade Federal do Paran\u00e1, <\/strong>no uso de suas atribui\u00e7\u00f5es, tendo em vista a compet\u00eancia que lhe \u00e9\nconferida pela Portaria n\u00ba 2.590, de 26 de setembro de 1997 e considerando o\nque consta no processo n\u00ba 23075.065482\/2020-27,<\/p>\n\n\n\n<p>RESOLVE:<\/p>\n\n\n\n<p>I.\nDesignar a servidora MONICA MARIA LEBEDEFF ROCHA &#8211;\n1724669, ocupante do cargo de M\u00e9dica &#8211; \u00c1rea, com lota\u00e7\u00e3o de origem na Funda\u00e7\u00e3o\nUniversidade de Bras\u00edlia &#8211; UNB e em requisi\u00e7\u00e3o pela Controladoria Geral da\nUni\u00e3o &#8211; CGU, para atuar como m\u00e9dica perita na Per\u00edcia Oficial em Sa\u00fade da\nUniversidade Federal do Paran\u00e1 &#8211; UFPR, nos dias 01 e 02 de dezembro de 2020.<\/p>\n\n\n\n<p>II. A citada servidora encontra-se inscrita sob o n\u00ba&nbsp;12582 e\nregular junto ao Conselho Regional de Medicina do Distrito Federal &#8211; CRM\/DF e\ncom visto provis\u00f3rio autorizado pelo Conselho Regional de Medicina do Paran\u00e1 &#8211;\nCRM\/PR, conforme protocolo do referido Conselho n\u00ba 452081\/2020 &#8211; Of\u00edcio\n1118\/2020.<\/p>\n\n\n\n<p>III. Fica a servidora subordinada ao Coordenador de Aten\u00e7\u00e3o Integral\na Sa\u00fade do Servidor&nbsp;da UFPR e sua designa\u00e7\u00e3o \u00e9 feita sem preju\u00edzo das\ndemais atribui\u00e7\u00f5es do cargo, n\u00e3o fazendo jus a qualquer gratifica\u00e7\u00e3o ou\nvantagem adicional.<\/p>\n\n\n\n<p>IV. Esta Portaria entra em vigor nesta data.<\/p>\n\n\n\n<p class=\"has-text-align-right\"><\/p>\n","protected":false},"excerpt":{"rendered":"<p>I. Designar a servidora MONICA MARIA LEBEDEFF ROCHA &#8211; 1724669, ocupante do cargo de M\u00e9dica &#8211; \u00c1rea, com lota\u00e7\u00e3o de origem na Funda\u00e7\u00e3o Universidade de Bras\u00edlia &#8211; UNB e em requisi\u00e7\u00e3o pela Controladoria Geral da Uni\u00e3o &#8211; CGU, para atuar como m\u00e9dica perita na Per\u00edcia Oficial em Sa\u00fade da Universidade Federal do Paran\u00e1 &#8211; UFPR, nos dias 01 e 02 de dezembro de 2020.  II. A citada servidora encontra-se inscrita sob o n\u00ba&nbsp;12582 e regular junto ao Conselho Regional de Medicina do Distrito Federal &#8211; CRM\/DF e com visto provis\u00f3rio autorizado pelo Conselho Regional de Medicina do<\/p>\n","protected":false},"author":49,"featured_media":0,"comment_status":"closed","ping_status":"open","sticky":false,"template":"","format":"standard","meta":{"_acf_changed":false,"iawp_total_views":0,"footnotes":""},"categories":[116],"tags":[119],"class_list":["post-60866","post","type-post","status-publish","format-standard","hentry","category-progepe","tag-diversos"],"acf":[],"_links":{"self":[{"href":"https:\/\/progepe.ufpr.br\/portarias\/wp-json\/wp\/v2\/posts\/60866","targetHints":{"allow":["GET"]}}],"collection":[{"href":"https:\/\/progepe.ufpr.br\/portarias\/wp-json\/wp\/v2\/posts"}],"about":[{"href":"https:\/\/progepe.ufpr.br\/portarias\/wp-json\/wp\/v2\/types\/post"}],"author":[{"embeddable":true,"href":"https:\/\/progepe.ufpr.br\/portarias\/wp-json\/wp\/v2\/users\/49"}],"replies":[{"embeddable":true,"href":"https:\/\/progepe.ufpr.br\/portarias\/wp-json\/wp\/v2\/comments?post=60866"}],"version-history":[{"count":2,"href":"https:\/\/progepe.ufpr.br\/portarias\/wp-json\/wp\/v2\/posts\/60866\/revisions"}],"predecessor-version":[{"id":90815,"href":"https:\/\/progepe.ufpr.br\/portarias\/wp-json\/wp\/v2\/posts\/60866\/revisions\/90815"}],"wp:attachment":[{"href":"https:\/\/progepe.ufpr.br\/portarias\/wp-json\/wp\/v2\/media?parent=60866"}],"wp:term":[{"taxonomy":"category","embeddable":true,"href":"https:\/\/progepe.ufpr.br\/portarias\/wp-json\/wp\/v2\/categories?post=60866"},{"taxonomy":"post_tag","embeddable":true,"href":"https:\/\/progepe.ufpr.br\/portarias\/wp-json\/wp\/v2\/tags?post=60866"}],"curies":[{"name":"wp","href":"https:\/\/api.w.org\/{rel}","templated":true}]}}