{"id":60916,"date":"2020-11-24T05:00:00","date_gmt":"2020-11-24T08:00:00","guid":{"rendered":"http:\/\/progepe.ufpr.br\/portal\/?post_type=portarias&#038;p=60916"},"modified":"2023-08-03T13:20:48","modified_gmt":"2023-08-03T16:20:48","slug":"rt-2020-01533","status":"publish","type":"post","link":"https:\/\/progepe.ufpr.br\/portarias\/rt-2020-01533\/","title":{"rendered":"PORTARIA N\u00ba 01533\/REITORIA, DE 24 DE NOVEMBRO DE 2020"},"content":{"rendered":"\n<p><strong>O Reitor da Universidade Federal do Paran\u00e1, <\/strong>no uso de suas atribui\u00e7\u00f5es<strong>,<\/strong> e considerando o que consta do processo n\u00ba 23075.064626\/2020-28, <\/p>\n\n\n\n<p>RESOLVE:<\/p>\n\n\n\n<p>I. Declarar vago, a partir de 01 de \ndezembro de 2020, o cargo de Assistente em Administra\u00e7\u00e3o, ocupado por \nPATRICIA HAENDEL DE OLIVEIRA MOTA \u2013 2961091, lotada na Se\u00e7\u00e3o de \nAdministra\u00e7\u00e3o das Atividades Docentes do Setor de Educa\u00e7\u00e3o Profissional e\n Tecnol\u00f3gica, em virtude de posse em outro cargo p\u00fablico inacumul\u00e1vel, \nde acordo com o disposto no Artigo 33 da Lei n\u00ba 8.112\/90.<\/p>\n\n\n\n<p>II. Considerando que a servidora n\u00e3o  adquiriu a estabilidade prevista no Art. 21 da Lei n\u00ba 8.112\/90, a  presente declara\u00e7\u00e3o de vac\u00e2ncia n\u00e3o gera direito \u00e0 recondu\u00e7\u00e3o  estabelecida no Art. 29 da citada Lei.<\/p>\n\n\n\n<p style=\"text-align:right\"><strong>RICARDO MARCELO FONSECA<\/strong><\/p>\n","protected":false},"excerpt":{"rendered":"<p>I. Declarar vago, a partir de 01 de dezembro de 2020, o cargo de Assistente em Administra\u00e7\u00e3o, ocupado por PATRICIA HAENDEL DE OLIVEIRA MOTA \u2013 2961091, lotada na Se\u00e7\u00e3o de Administra\u00e7\u00e3o das Atividades Docentes do Setor de Educa\u00e7\u00e3o Profissional e Tecnol\u00f3gica, em virtude de posse em outro cargo p\u00fablico inacumul\u00e1vel, de acordo com o disposto no Artigo 33 da Lei n\u00ba 8.112\/90.  II. Considerando que a servidora n\u00e3o adquiriu a estabilidade prevista no Art. 21 da Lei n\u00ba 8.112\/90, a presente declara\u00e7\u00e3o de vac\u00e2ncia n\u00e3o gera direito \u00e0 recondu\u00e7\u00e3o estabelecida no Art. 29 da citada Lei.<\/p>\n","protected":false},"author":48,"featured_media":0,"comment_status":"closed","ping_status":"closed","sticky":false,"template":"","format":"standard","meta":{"_acf_changed":false,"iawp_total_views":0,"footnotes":""},"categories":[117],"tags":[122],"class_list":["post-60916","post","type-post","status-publish","format-standard","hentry","category-rt","tag-exoneracao"],"acf":[],"_links":{"self":[{"href":"https:\/\/progepe.ufpr.br\/portarias\/wp-json\/wp\/v2\/posts\/60916","targetHints":{"allow":["GET"]}}],"collection":[{"href":"https:\/\/progepe.ufpr.br\/portarias\/wp-json\/wp\/v2\/posts"}],"about":[{"href":"https:\/\/progepe.ufpr.br\/portarias\/wp-json\/wp\/v2\/types\/post"}],"author":[{"embeddable":true,"href":"https:\/\/progepe.ufpr.br\/portarias\/wp-json\/wp\/v2\/users\/48"}],"replies":[{"embeddable":true,"href":"https:\/\/progepe.ufpr.br\/portarias\/wp-json\/wp\/v2\/comments?post=60916"}],"version-history":[{"count":1,"href":"https:\/\/progepe.ufpr.br\/portarias\/wp-json\/wp\/v2\/posts\/60916\/revisions"}],"predecessor-version":[{"id":196509,"href":"https:\/\/progepe.ufpr.br\/portarias\/wp-json\/wp\/v2\/posts\/60916\/revisions\/196509"}],"wp:attachment":[{"href":"https:\/\/progepe.ufpr.br\/portarias\/wp-json\/wp\/v2\/media?parent=60916"}],"wp:term":[{"taxonomy":"category","embeddable":true,"href":"https:\/\/progepe.ufpr.br\/portarias\/wp-json\/wp\/v2\/categories?post=60916"},{"taxonomy":"post_tag","embeddable":true,"href":"https:\/\/progepe.ufpr.br\/portarias\/wp-json\/wp\/v2\/tags?post=60916"}],"curies":[{"name":"wp","href":"https:\/\/api.w.org\/{rel}","templated":true}]}}