{"id":61014,"date":"2020-11-12T05:01:00","date_gmt":"2020-11-12T08:01:00","guid":{"rendered":"http:\/\/progepe.ufpr.br\/portal\/?post_type=portarias&#038;p=61014"},"modified":"2023-08-03T13:20:38","modified_gmt":"2023-08-03T16:20:38","slug":"rt-2020-01463","status":"publish","type":"post","link":"https:\/\/progepe.ufpr.br\/portarias\/rt-2020-01463\/","title":{"rendered":"PORTARIA N\u00ba 01463\/REITORIA, DE 12 DE NOVEMBRO DE 2020"},"content":{"rendered":"\n<p><strong>O Reitor da Universidade Federal do Paran\u00e1, <\/strong>no uso de\nsuas atribui\u00e7\u00f5es, tendo em vista o que consta no Art. 39 do Estatuto desta\nUniversidade e o contido no processo n\u00ba 23075.048805\/2020-18,<\/p>\n\n\n\n<p>RESOLVE:<\/p>\n\n\n\n<p>I. Nomear a\nservidora MIRIAM\nAPARECIDA NIMTZ &#8211; 1981321, Professora do Magist\u00e9rio Superior, lotada no\nDepartamento de Enfermagem do Setor de Ci\u00eancias da Sa\u00fade, no regime de trabalho\nde dedica\u00e7\u00e3o exclusiva, para exercer a Fun\u00e7\u00e3o Gratificada, FG-1, de Chefe do\nDepartamento de Enfermagem do citado Setor, pelo per\u00edodo de 02 (dois) anos, a\npartir da data de publica\u00e7\u00e3o em DOU, de acordo com a Lei n\u00ba 9.527\/97.<\/p>\n\n\n\n<p>II. A\nmencionada servidora cumprir\u00e1, obrigatoriamente, o regime de trabalho de tempo\nintegral, de acordo com o disposto no \u00a7 5\u00ba, artigo 1\u00ba da Lei n\u00ba 8.168\/91.<\/p>\n\n\n\n<p style=\"text-align:right\">Ricardo Marcelo\nFonseca<\/p>\n","protected":false},"excerpt":{"rendered":"<p>I. Nomear a servidora MIRIAM APARECIDA NIMTZ &#8211; 1981321, Professora do Magist\u00e9rio Superior, lotada no Departamento de Enfermagem do Setor de Ci\u00eancias da Sa\u00fade, no regime de trabalho de dedica\u00e7\u00e3o exclusiva, para exercer a Fun\u00e7\u00e3o Gratificada, FG-1, de Chefe do Departamento de Enfermagem do citado Setor, pelo per\u00edodo de 02 (dois) anos, a partir da data de publica\u00e7\u00e3o em DOU, de acordo com a Lei n\u00ba 9.527\/97.  II. A mencionada servidora cumprir\u00e1, obrigatoriamente, o regime de trabalho de tempo integral, de acordo com o disposto no \u00a7 5\u00ba, artigo 1\u00ba da Lei n\u00ba 8.168\/91.  <!-- wp:paragraph\n<\/p>\n","protected":false},"author":49,"featured_media":0,"comment_status":"closed","ping_status":"closed","sticky":false,"template":"","format":"standard","meta":{"_acf_changed":false,"iawp_total_views":0,"footnotes":""},"categories":[117],"tags":[120],"class_list":["post-61014","post","type-post","status-publish","format-standard","hentry","category-rt","tag-funcao"],"acf":[],"_links":{"self":[{"href":"https:\/\/progepe.ufpr.br\/portarias\/wp-json\/wp\/v2\/posts\/61014","targetHints":{"allow":["GET"]}}],"collection":[{"href":"https:\/\/progepe.ufpr.br\/portarias\/wp-json\/wp\/v2\/posts"}],"about":[{"href":"https:\/\/progepe.ufpr.br\/portarias\/wp-json\/wp\/v2\/types\/post"}],"author":[{"embeddable":true,"href":"https:\/\/progepe.ufpr.br\/portarias\/wp-json\/wp\/v2\/users\/49"}],"replies":[{"embeddable":true,"href":"https:\/\/progepe.ufpr.br\/portarias\/wp-json\/wp\/v2\/comments?post=61014"}],"version-history":[{"count":1,"href":"https:\/\/progepe.ufpr.br\/portarias\/wp-json\/wp\/v2\/posts\/61014\/revisions"}],"predecessor-version":[{"id":196515,"href":"https:\/\/progepe.ufpr.br\/portarias\/wp-json\/wp\/v2\/posts\/61014\/revisions\/196515"}],"wp:attachment":[{"href":"https:\/\/progepe.ufpr.br\/portarias\/wp-json\/wp\/v2\/media?parent=61014"}],"wp:term":[{"taxonomy":"category","embeddable":true,"href":"https:\/\/progepe.ufpr.br\/portarias\/wp-json\/wp\/v2\/categories?post=61014"},{"taxonomy":"post_tag","embeddable":true,"href":"https:\/\/progepe.ufpr.br\/portarias\/wp-json\/wp\/v2\/tags?post=61014"}],"curies":[{"name":"wp","href":"https:\/\/api.w.org\/{rel}","templated":true}]}}