{"id":61024,"date":"2020-11-30T20:00:00","date_gmt":"2020-11-30T23:00:00","guid":{"rendered":"http:\/\/progepe.ufpr.br\/portal\/?post_type=portarias&#038;p=61024"},"modified":"2024-09-04T16:20:20","modified_gmt":"2024-09-04T19:20:20","slug":"dd-2020-00722","status":"publish","type":"post","link":"https:\/\/progepe.ufpr.br\/portarias\/dd-2020-00722\/","title":{"rendered":"PORTARIA N\u00ba 00722\/DD, DE 30 DE NOVEMBRO DE 2020"},"content":{"rendered":"\n<p style=\"padding-left:43%\">O Diretor Disciplinar da Universidade Federal do Paran\u00e1, no uso de suas atribui\u00e7\u00f5es, tendo em vista a compet\u00eancia que lhe \u00e9 conferida pela Portaria n\u00ba 593\/REITORIA, de 28 de agosto de 2017, o disposto nos artigos 143, 148, 149 e 152 da Lei n\u00ba 8.112, de 11 de dezembro de 1990, e o que consta no processo 23075.708790\/2018-34,<\/p>\n\n\n\n<p style=\"padding-left:43%\"><strong>RESOLVE:<\/strong><\/p>\n\n\n\n<p>Designar os servidores WALTER GUANDALINI JUNIOR &#8211; 2872608, Professor do Magist\u00e9rio Superior, lotado no Departamento de Direito Privado do Setor de Ci\u00eancias Jur\u00eddicas; LUANA OLIVEIRA MEDEIROS &#8211; 1828145, Assistente em Administra\u00e7\u00e3o, lotada na Secretaria Geral de P\u00f3s-Gradua\u00e7\u00e3o do Setor de Ci\u00eancias Humanas; e MARI DURAUT STICA &#8211; 2587395, Auxiliar em Administra\u00e7\u00e3o, lotada no Restaurante Universit\u00e1rio da Pr\u00f3-Reitoria de Administra\u00e7\u00e3o, para, sob a presid\u00eancia do primeiro, constitu\u00edrem Comiss\u00e3o de Processo Administrativo Disciplinar destinada a dar continuidade, no prazo de 60 (sessenta) dias, a contar de 2 de dezembro de 2020, aos trabalhos de apura\u00e7\u00e3o dos fatos de que trata o processo 23075.708790\/2018-34, com aproveitamento de todos os atos e provas colhidas at\u00e9 o momento, bem como proceder ao exame dos atos e fatos conexos que emergirem no decorrer dos trabalhos.<\/p>\n","protected":false},"excerpt":{"rendered":"<p>Designar os servidores WALTER GUANDALINI JUNIOR &#8211; 2872608, Professor do Magist\u00e9rio Superior, lotado no Departamento de Direito Privado do Setor de Ci\u00eancias Jur\u00eddicas; LUANA OLIVEIRA MEDEIROS &#8211; 1828145, Assistente em Administra\u00e7\u00e3o, lotada na Secretaria Geral de P\u00f3s-Gradua\u00e7\u00e3o do Setor de Ci\u00eancias Humanas; e MARI DURAUT STICA &#8211; 2587395, Auxiliar em Administra\u00e7\u00e3o, lotada no Restaurante Universit\u00e1rio da Pr\u00f3-Reitoria de Administra\u00e7\u00e3o, para, sob a presid\u00eancia do primeiro, constitu\u00edrem Comiss\u00e3o de Processo Administrativo Disciplinar destinada a dar continuidade, no prazo de 60 (sessenta) dias, a contar de 2 de dezembro de 2020, aos trabalhos de apura\u00e7\u00e3o dos fatos de que trata<\/p>\n","protected":false},"author":13,"featured_media":0,"comment_status":"closed","ping_status":"closed","sticky":false,"template":"","format":"standard","meta":{"_acf_changed":false,"iawp_total_views":3,"footnotes":""},"categories":[118],"tags":[132],"class_list":["post-61024","post","type-post","status-publish","format-standard","hentry","category-dd","tag-pad-sindicancia"],"acf":[],"_links":{"self":[{"href":"https:\/\/progepe.ufpr.br\/portarias\/wp-json\/wp\/v2\/posts\/61024","targetHints":{"allow":["GET"]}}],"collection":[{"href":"https:\/\/progepe.ufpr.br\/portarias\/wp-json\/wp\/v2\/posts"}],"about":[{"href":"https:\/\/progepe.ufpr.br\/portarias\/wp-json\/wp\/v2\/types\/post"}],"author":[{"embeddable":true,"href":"https:\/\/progepe.ufpr.br\/portarias\/wp-json\/wp\/v2\/users\/13"}],"replies":[{"embeddable":true,"href":"https:\/\/progepe.ufpr.br\/portarias\/wp-json\/wp\/v2\/comments?post=61024"}],"version-history":[{"count":3,"href":"https:\/\/progepe.ufpr.br\/portarias\/wp-json\/wp\/v2\/posts\/61024\/revisions"}],"predecessor-version":[{"id":257178,"href":"https:\/\/progepe.ufpr.br\/portarias\/wp-json\/wp\/v2\/posts\/61024\/revisions\/257178"}],"wp:attachment":[{"href":"https:\/\/progepe.ufpr.br\/portarias\/wp-json\/wp\/v2\/media?parent=61024"}],"wp:term":[{"taxonomy":"category","embeddable":true,"href":"https:\/\/progepe.ufpr.br\/portarias\/wp-json\/wp\/v2\/categories?post=61024"},{"taxonomy":"post_tag","embeddable":true,"href":"https:\/\/progepe.ufpr.br\/portarias\/wp-json\/wp\/v2\/tags?post=61024"}],"curies":[{"name":"wp","href":"https:\/\/api.w.org\/{rel}","templated":true}]}}