{"id":61040,"date":"2020-11-23T05:01:00","date_gmt":"2020-11-23T08:01:00","guid":{"rendered":"http:\/\/progepe.ufpr.br\/portal\/?post_type=portarias&#038;p=61040"},"modified":"2023-08-03T13:20:48","modified_gmt":"2023-08-03T16:20:48","slug":"rt-2020-01532","status":"publish","type":"post","link":"https:\/\/progepe.ufpr.br\/portarias\/rt-2020-01532\/","title":{"rendered":"PORTARIA N\u00ba 01532\/REITORIA, DE 23 DE NOVEMBRO DE 2020"},"content":{"rendered":"\n<p><strong>O Reitor da Universidade Federal do Paran\u00e1, <\/strong>no uso de\nsuas atribui\u00e7\u00f5es e tendo em vista o que consta no processo n\u00ba 23075.062315\/2020-24,<\/p>\n\n\n\n<p>RESOLVE:<\/p>\n\n\n\n<p>I.\nDesignar, a partir da data de publica\u00e7\u00e3o em DOU, a servidora LAUREN MACHADO PINTO &#8211; 3758632, Coordenadora da Coordenadoria de Apoio ao Estudante e \u00e0s\nEntidades Estudantis da Pr\u00f3-Reitoria de Assuntos Estudantis, como substituta eventual da servidora MARIA\nRITA DE ASSIS CESAR &#8211; 2303058, no Cargo de Dire\u00e7\u00e3o, CD-2, de Pr\u00f3-Reitora de\nAssuntos Estudantis da UFPR.<\/p>\n\n\n\n<p>II. Esta\nPortaria cessa, a partir da data de publica\u00e7\u00e3o em DOU, os efeitos da Portaria\nn\u00ba 1.004\/REITORIA, de 20 de maio de 2020, publicada no DOU de 26.05.2020, Se\u00e7\u00e3o\n2, p\u00e1g. 22, que designou a servidora LAUREN\nMACHADO PINTO &#8211; 3758632, como\nsubstituta eventual do servidor FERNANDO SURECK LEAL &#8211; 2194014, no Cargo de\nDire\u00e7\u00e3o, CD-4, de Coordenador da Coordenadoria de Assist\u00eancia Estudantil da\nPr\u00f3-Reitoria de Assuntos Estudantis.<\/p>\n\n\n\n<p style=\"text-align:right\">Ricardo\nMarcelo Fonseca<\/p>\n","protected":false},"excerpt":{"rendered":"<p>I. Designar, a partir da data de publica\u00e7\u00e3o em DOU, a servidora LAUREN MACHADO PINTO &#8211; 3758632, Coordenadora da Coordenadoria de Apoio ao Estudante e \u00e0s Entidades Estudantis da Pr\u00f3-Reitoria de Assuntos Estudantis, como substituta eventual da servidora MARIA RITA DE ASSIS CESAR &#8211; 2303058, no Cargo de Dire\u00e7\u00e3o, CD-2, de Pr\u00f3-Reitora de Assuntos Estudantis da UFPR.  II. Esta Portaria cessa, a partir da data de publica\u00e7\u00e3o em DOU, os efeitos da Portaria n\u00ba 1.004\/REITORIA, de 20 de maio de 2020, publicada no DOU de 26.05.2020, Se\u00e7\u00e3o 2, p\u00e1g. 22, que designou a servidora LAUREN MACHADO PINTO<\/p>\n","protected":false},"author":49,"featured_media":0,"comment_status":"closed","ping_status":"closed","sticky":false,"template":"","format":"standard","meta":{"_acf_changed":false,"iawp_total_views":0,"footnotes":""},"categories":[117],"tags":[120],"class_list":["post-61040","post","type-post","status-publish","format-standard","hentry","category-rt","tag-funcao"],"acf":[],"_links":{"self":[{"href":"https:\/\/progepe.ufpr.br\/portarias\/wp-json\/wp\/v2\/posts\/61040","targetHints":{"allow":["GET"]}}],"collection":[{"href":"https:\/\/progepe.ufpr.br\/portarias\/wp-json\/wp\/v2\/posts"}],"about":[{"href":"https:\/\/progepe.ufpr.br\/portarias\/wp-json\/wp\/v2\/types\/post"}],"author":[{"embeddable":true,"href":"https:\/\/progepe.ufpr.br\/portarias\/wp-json\/wp\/v2\/users\/49"}],"replies":[{"embeddable":true,"href":"https:\/\/progepe.ufpr.br\/portarias\/wp-json\/wp\/v2\/comments?post=61040"}],"version-history":[{"count":1,"href":"https:\/\/progepe.ufpr.br\/portarias\/wp-json\/wp\/v2\/posts\/61040\/revisions"}],"predecessor-version":[{"id":196519,"href":"https:\/\/progepe.ufpr.br\/portarias\/wp-json\/wp\/v2\/posts\/61040\/revisions\/196519"}],"wp:attachment":[{"href":"https:\/\/progepe.ufpr.br\/portarias\/wp-json\/wp\/v2\/media?parent=61040"}],"wp:term":[{"taxonomy":"category","embeddable":true,"href":"https:\/\/progepe.ufpr.br\/portarias\/wp-json\/wp\/v2\/categories?post=61040"},{"taxonomy":"post_tag","embeddable":true,"href":"https:\/\/progepe.ufpr.br\/portarias\/wp-json\/wp\/v2\/tags?post=61040"}],"curies":[{"name":"wp","href":"https:\/\/api.w.org\/{rel}","templated":true}]}}