{"id":61047,"date":"2020-11-24T05:02:00","date_gmt":"2020-11-24T08:02:00","guid":{"rendered":"http:\/\/progepe.ufpr.br\/portal\/?post_type=portarias&#038;p=61047"},"modified":"2023-08-03T13:20:48","modified_gmt":"2023-08-03T16:20:48","slug":"rt-2020-01535","status":"publish","type":"post","link":"https:\/\/progepe.ufpr.br\/portarias\/rt-2020-01535\/","title":{"rendered":"PORTARIA N\u00ba 01535\/REITORIA, DE 24 DE NOVEMBRO DE 2020"},"content":{"rendered":"\n<p><strong>O Reitor da Universidade Federal do Paran\u00e1, <\/strong>no uso de\nsuas atribui\u00e7\u00f5es e tendo em vista o que consta no processo n\u00ba 23075.064834\/2020-27,<\/p>\n\n\n\n<p>RESOLVE:<\/p>\n\n\n\n<p>Cessar, a partir de 22 de novembro de 2020, os efeitos\nda Portaria n\u00ba 993\/REITORIA, de 18 de maio de 2020, publicada no DOU de\n19.05.2020, Se\u00e7\u00e3o 2, p\u00e1g. 17, referente \u00e0 designa\u00e7\u00e3o do servidor HUGO GUSTAVO VIEIRA BERALDI &#8211; 3040508, ocupante do cargo de Contador, como substituto\neventual da servidora ADELIA\nJUNGLOS ALVES &#8211; 343897, no Cargo de Dire\u00e7\u00e3o, CD-4, de Coordenadora da\nCoordenadoria de Apoio aos Estudantes e \u00e0s Entidades Estudantis da Pr\u00f3-Reitoria de Assuntos\nEstudantis, tendo em vista o que\nconsta na Portaria n\u00ba 1.518\/REITORIA, de 19 de novembro de 2020.<\/p>\n\n\n\n<p style=\"text-align:right\">Ricardo\nMarcelo Fonseca<\/p>\n","protected":false},"excerpt":{"rendered":"<p>Cessar, a partir de 22 de novembro de 2020, os efeitos da Portaria n\u00ba 993\/REITORIA, de 18 de maio de 2020, publicada no DOU de 19.05.2020, Se\u00e7\u00e3o 2, p\u00e1g. 17, referente \u00e0 designa\u00e7\u00e3o do servidor HUGO GUSTAVO VIEIRA BERALDI &#8211; 3040508, ocupante do cargo de Contador, como substituto eventual da servidora ADELIA JUNGLOS ALVES &#8211; 343897, no Cargo de Dire\u00e7\u00e3o, CD-4, de Coordenadora da Coordenadoria de Apoio aos Estudantes e \u00e0s Entidades Estudantis da Pr\u00f3-Reitoria de Assuntos Estudantis, tendo em vista o que consta na Portaria n\u00ba 1.518\/REITORIA, de 19 de novembro de 2020.  <!-- wp:paragraph {\"align\":\"right\"}\n<\/p>\n","protected":false},"author":49,"featured_media":0,"comment_status":"closed","ping_status":"closed","sticky":false,"template":"","format":"standard","meta":{"_acf_changed":false,"iawp_total_views":1,"footnotes":""},"categories":[117],"tags":[120],"class_list":["post-61047","post","type-post","status-publish","format-standard","hentry","category-rt","tag-funcao"],"acf":[],"_links":{"self":[{"href":"https:\/\/progepe.ufpr.br\/portarias\/wp-json\/wp\/v2\/posts\/61047","targetHints":{"allow":["GET"]}}],"collection":[{"href":"https:\/\/progepe.ufpr.br\/portarias\/wp-json\/wp\/v2\/posts"}],"about":[{"href":"https:\/\/progepe.ufpr.br\/portarias\/wp-json\/wp\/v2\/types\/post"}],"author":[{"embeddable":true,"href":"https:\/\/progepe.ufpr.br\/portarias\/wp-json\/wp\/v2\/users\/49"}],"replies":[{"embeddable":true,"href":"https:\/\/progepe.ufpr.br\/portarias\/wp-json\/wp\/v2\/comments?post=61047"}],"version-history":[{"count":1,"href":"https:\/\/progepe.ufpr.br\/portarias\/wp-json\/wp\/v2\/posts\/61047\/revisions"}],"predecessor-version":[{"id":196520,"href":"https:\/\/progepe.ufpr.br\/portarias\/wp-json\/wp\/v2\/posts\/61047\/revisions\/196520"}],"wp:attachment":[{"href":"https:\/\/progepe.ufpr.br\/portarias\/wp-json\/wp\/v2\/media?parent=61047"}],"wp:term":[{"taxonomy":"category","embeddable":true,"href":"https:\/\/progepe.ufpr.br\/portarias\/wp-json\/wp\/v2\/categories?post=61047"},{"taxonomy":"post_tag","embeddable":true,"href":"https:\/\/progepe.ufpr.br\/portarias\/wp-json\/wp\/v2\/tags?post=61047"}],"curies":[{"name":"wp","href":"https:\/\/api.w.org\/{rel}","templated":true}]}}