{"id":61106,"date":"2020-11-26T10:08:00","date_gmt":"2020-11-26T13:08:00","guid":{"rendered":"http:\/\/progepe.ufpr.br\/portal\/?post_type=portarias&#038;p=61106"},"modified":"2023-08-03T12:59:32","modified_gmt":"2023-08-03T15:59:32","slug":"progepe-2020-03327","status":"publish","type":"post","link":"https:\/\/progepe.ufpr.br\/portarias\/progepe-2020-03327\/","title":{"rendered":"PORTARIA N\u00ba 03327\/PROGEPE, DE 26 DE NOVEMBRO DE 2020"},"content":{"rendered":"\n<p><strong>O Pr\u00f3-Reitor de Gest\u00e3o de Pessoas da Universidade Federal do Paran\u00e1, <\/strong>no  uso de suas atribui\u00e7\u00f5es, tendo em vista a compet\u00eancia que lhe \u00e9  conferida pela Portaria n\u00ba 2.590, de 26 de setembro de 1997 e  considerando o que consta no processo n\u00ba 23075.057948\/2020-11; <\/p>\n\n\n\n<p>RESOLVE:<\/p>\n\n\n\n<p> Conceder Aposentadoria Volunt\u00e1ria por Tempo de Contribui\u00e7\u00e3o, nos termos  do Art. 3\u00ba da Emenda Constitucional n\u00ba 47\/2005, combinado com o Art. 3\u00ba  da Emenda Constitucional n\u00ba 103\/2019, ao servidor JOAO SOMMA NETO &#8211;  0342722, lotado no Departamento de Comunica\u00e7\u00e3o Social do Setor de Artes,  Comunica\u00e7\u00e3o e Design, ocupante do cargo de Professor Titular, n\u00edvel  801, com Doutorado, no regime de trabalho de 40 (quarenta) horas  semanais, com Dedica\u00e7\u00e3o Exclusiva, com o vencimento do mencionado cargo,  mais a Gratifica\u00e7\u00e3o Adicional por Tempo de Servi\u00e7o, prevista no Art. 67  da Lei n\u00b0 8.112\/1990, no \u00edndice de 11% (onze por cento), calculada  sobre o vencimento b\u00e1sico, mais a Retribui\u00e7\u00e3o por Titula\u00e7\u00e3o, institu\u00edda  pela Lei n\u00b0 12.772\/2012. <\/p>\n\n\n\n<p class=\"has-text-align-right\"><\/p>\n","protected":false},"excerpt":{"rendered":"<p>Conceder Aposentadoria Volunt\u00e1ria por Tempo de Contribui\u00e7\u00e3o, nos termos do Art. 3\u00ba da Emenda Constitucional n\u00ba 47\/2005, combinado com o Art. 3\u00ba da Emenda Constitucional n\u00ba 103\/2019, ao servidor JOAO SOMMA NETO &#8211; 0342722, lotado no Departamento de Comunica\u00e7\u00e3o Social do Setor de Artes, Comunica\u00e7\u00e3o e Design, ocupante do cargo de Professor Titular, n\u00edvel 801, com Doutorado, no regime de trabalho de 40 (quarenta) horas semanais, com Dedica\u00e7\u00e3o Exclusiva, com o vencimento do mencionado cargo, mais a Gratifica\u00e7\u00e3o Adicional por Tempo de Servi\u00e7o, prevista no Art. 67 da Lei n\u00b0 8.112\/1990, no \u00edndice de 11% (onze por<\/p>\n","protected":false},"author":48,"featured_media":0,"comment_status":"closed","ping_status":"open","sticky":false,"template":"","format":"standard","meta":{"_acf_changed":false,"iawp_total_views":0,"footnotes":""},"categories":[116],"tags":[125],"class_list":["post-61106","post","type-post","status-publish","format-standard","hentry","category-progepe","tag-aposentadoria"],"acf":[],"_links":{"self":[{"href":"https:\/\/progepe.ufpr.br\/portarias\/wp-json\/wp\/v2\/posts\/61106","targetHints":{"allow":["GET"]}}],"collection":[{"href":"https:\/\/progepe.ufpr.br\/portarias\/wp-json\/wp\/v2\/posts"}],"about":[{"href":"https:\/\/progepe.ufpr.br\/portarias\/wp-json\/wp\/v2\/types\/post"}],"author":[{"embeddable":true,"href":"https:\/\/progepe.ufpr.br\/portarias\/wp-json\/wp\/v2\/users\/48"}],"replies":[{"embeddable":true,"href":"https:\/\/progepe.ufpr.br\/portarias\/wp-json\/wp\/v2\/comments?post=61106"}],"version-history":[{"count":2,"href":"https:\/\/progepe.ufpr.br\/portarias\/wp-json\/wp\/v2\/posts\/61106\/revisions"}],"predecessor-version":[{"id":90843,"href":"https:\/\/progepe.ufpr.br\/portarias\/wp-json\/wp\/v2\/posts\/61106\/revisions\/90843"}],"wp:attachment":[{"href":"https:\/\/progepe.ufpr.br\/portarias\/wp-json\/wp\/v2\/media?parent=61106"}],"wp:term":[{"taxonomy":"category","embeddable":true,"href":"https:\/\/progepe.ufpr.br\/portarias\/wp-json\/wp\/v2\/categories?post=61106"},{"taxonomy":"post_tag","embeddable":true,"href":"https:\/\/progepe.ufpr.br\/portarias\/wp-json\/wp\/v2\/tags?post=61106"}],"curies":[{"name":"wp","href":"https:\/\/api.w.org\/{rel}","templated":true}]}}