{"id":61197,"date":"2020-11-27T10:08:00","date_gmt":"2020-11-27T13:08:00","guid":{"rendered":"http:\/\/progepe.ufpr.br\/portal\/?post_type=portarias&#038;p=61197"},"modified":"2023-08-03T12:59:35","modified_gmt":"2023-08-03T15:59:35","slug":"progepe-2020-03343","status":"publish","type":"post","link":"https:\/\/progepe.ufpr.br\/portarias\/progepe-2020-03343\/","title":{"rendered":"PORTARIA N\u00ba 03343\/PROGEPE, DE 27 DE NOVEMBRO DE 2020"},"content":{"rendered":"\n<p><strong>O Pr\u00f3-Reitor de Gest\u00e3o de Pessoas da Universidade Federal do Paran\u00e1,<\/strong>  no uso de suas atribui\u00e7\u00f5es, tendo em vista a compet\u00eancia que lhe \u00e9  conferida pela Portaria n\u00ba 2.590, de 26 de setembro de 1997; o que  consta no Art. 100 e 103 da Lei n\u00ba 8.112\/90 e ainda o contido no  processo n\u00ba 23075.063735\/2020-28, <\/p>\n\n\n\n<p>RESOLVE:<\/p>\n\n\n\n<p>Averbar, a partir de 17 de novembro de \n2020, em favor da servidora SUZANA CUETO &#8211; 3105104, ocupante do cargo de\n Administrador, lotada na Unidade de Contratos da Pr\u00f3-Reitoria de \nAdministra\u00e7\u00e3o, o tempo de servi\u00e7o abaixo listado, para fins de:<\/p>\n\n\n\n<p>Aposentadoria e disponibilidade:<\/p>\n\n\n\n<figure class=\"wp-block-table\"><table><tbody><tr><td>\n\t\t\tEMPRESA\n\t\t\t<\/td><td>\n\t\t\tPER\u00cdODO\n\t\t\t<\/td><td>\n\t\t\tTOTAL DE DIAS\n\t\t\t<\/td><\/tr><tr><td>\n\t\t\tCAPITOLA COMERCIO DE ALIMENTOS LTDA\n\t\t\t<\/td><td>\n\t\t\t01\/07\/1990 a 04\/12\/1990&nbsp;\n\t\t\t<\/td><td>\n\t\t\t157\n\t\t\t<\/td><\/tr><tr><td>\n\t\t\tCIRCULO DO LIVRO &#8211; CONSULTORIA GRAFICA E EDITORIAL LTDA\n\t\t\t<\/td><td>\n\t\t\t04\/02\/1991 a 05\/03\/1991&nbsp;\n\t\t\t<\/td><td>\n\t\t\t30\n\t\t\t<\/td><\/tr><tr><td>\n\t\t\tPREFEITURA MUNICIPAL DE CURITIBA\n\t\t\t<\/td><td>\n\t\t\t02\/09\/1991 a 30\/09\/2014\n\t\t\t<\/td><td>\n\t\t\t8430\n\t\t\t<\/td><\/tr><tr><td>\n\t\t\tINSTITUTO DE TECNOLOGIA DO PARANA\n\t\t\t<\/td><td>\n\t\t\t01\/10\/2014 a 20\/03\/2019&nbsp;\n\t\t\t<\/td><td>\n\t\t\t1632<\/td><\/tr><\/tbody><\/table><\/figure>\n\n\n\n<p class=\"has-text-align-right\"><\/p>\n","protected":false},"excerpt":{"rendered":"<p>Averbar, a partir de 17 de novembro de 2020, em favor da servidora SUZANA CUETO &#8211; 3105104, ocupante do cargo de Administrador, lotada na Unidade de Contratos da Pr\u00f3-Reitoria de Administra\u00e7\u00e3o, o tempo de servi\u00e7o abaixo listado, para fins de:  Aposentadoria e disponibilidade:  <!-- wp:table \n\n<figure class=\"wp-block-table\">\n\n<table>\n\n<tbody>\n\n<tr>\n\n<td>  EMPRESA  <\/td>\n\n\n\n<td>  PER\u00cdODO  <\/td>\n\n\n\n<td>  TOTAL DE DIAS  <\/td>\n\n<\/tr>\n\n\n\n<tr>\n\n<td>  CAPITOLA COMERCIO DE ALIMENTOS LTDA  <\/td>\n\n\n\n<td>  01\/07\/1990 a 04\/12\/1990&nbsp;  <\/td>\n\n\n\n<td>  157  <\/td>\n\n<\/tr>\n\n\n\n<tr>\n\n<td>  CIRCULO DO LIVRO - CONSULTORIA GRAFICA E EDITORIAL LTDA  <\/td>\n\n\n\n<td>  04\/02\/1991 a 05\/03\/1991&nbsp;\n<\/p>\n","protected":false},"author":48,"featured_media":0,"comment_status":"closed","ping_status":"closed","sticky":false,"template":"","format":"standard","meta":{"_acf_changed":false,"iawp_total_views":1,"footnotes":""},"categories":[116],"tags":[140],"class_list":["post-61197","post","type-post","status-publish","format-standard","hentry","category-progepe","tag-averbacao-desaverbacao"],"acf":[],"_links":{"self":[{"href":"https:\/\/progepe.ufpr.br\/portarias\/wp-json\/wp\/v2\/posts\/61197","targetHints":{"allow":["GET"]}}],"collection":[{"href":"https:\/\/progepe.ufpr.br\/portarias\/wp-json\/wp\/v2\/posts"}],"about":[{"href":"https:\/\/progepe.ufpr.br\/portarias\/wp-json\/wp\/v2\/types\/post"}],"author":[{"embeddable":true,"href":"https:\/\/progepe.ufpr.br\/portarias\/wp-json\/wp\/v2\/users\/48"}],"replies":[{"embeddable":true,"href":"https:\/\/progepe.ufpr.br\/portarias\/wp-json\/wp\/v2\/comments?post=61197"}],"version-history":[{"count":3,"href":"https:\/\/progepe.ufpr.br\/portarias\/wp-json\/wp\/v2\/posts\/61197\/revisions"}],"predecessor-version":[{"id":174160,"href":"https:\/\/progepe.ufpr.br\/portarias\/wp-json\/wp\/v2\/posts\/61197\/revisions\/174160"}],"wp:attachment":[{"href":"https:\/\/progepe.ufpr.br\/portarias\/wp-json\/wp\/v2\/media?parent=61197"}],"wp:term":[{"taxonomy":"category","embeddable":true,"href":"https:\/\/progepe.ufpr.br\/portarias\/wp-json\/wp\/v2\/categories?post=61197"},{"taxonomy":"post_tag","embeddable":true,"href":"https:\/\/progepe.ufpr.br\/portarias\/wp-json\/wp\/v2\/tags?post=61197"}],"curies":[{"name":"wp","href":"https:\/\/api.w.org\/{rel}","templated":true}]}}