{"id":61221,"date":"2020-11-30T10:01:00","date_gmt":"2020-11-30T13:01:00","guid":{"rendered":"http:\/\/progepe.ufpr.br\/portal\/?post_type=portarias&#038;p=61221"},"modified":"2023-08-03T12:59:35","modified_gmt":"2023-08-03T15:59:35","slug":"progepe-2020-03346","status":"publish","type":"post","link":"https:\/\/progepe.ufpr.br\/portarias\/progepe-2020-03346\/","title":{"rendered":"PORTARIA N\u00ba 03346\/PROGEPE, DE 30 DE NOVEMBRO DE 2020"},"content":{"rendered":"\n<p><strong>O Pr\u00f3-Reitor de Gest\u00e3o de Pessoas da Universidade Federal do Paran\u00e1,<\/strong>&nbsp;no  uso de suas atribui\u00e7\u00f5es, tendo em vista a compet\u00eancia que lhe \u00e9  conferida pela Portaria n\u00ba 2.590, de 26 de setembro de 1997,  considerando o que consta na Resolu\u00e7\u00e3o n\u00ba 10\/2014-CEPE e ainda o que  consta no processo n\u00ba 23075.048745\/2020-33; <\/p>\n\n\n\n<p>RESOLVE:<\/p>\n\n\n\n<p> Tornar sem efeito a Portaria n\u00ba 3300\/PROGEPE, de 25&nbsp;de novembro de 2020,  que concedeu&nbsp;progress\u00e3o funcional \u00e0 servidora DANIELLE ANNONI &#8211;  2323065, lotada no N\u00facleo de Pr\u00e1tica Jur\u00eddica do Setor de Ci\u00eancias  Jur\u00eddicas, conforme despacho 12740 (3160970) do processo n\u00ba  23075.048745\/2020-33. <\/p>\n\n\n\n<p class=\"has-text-align-right\"><\/p>\n","protected":false},"excerpt":{"rendered":"<p>Tornar sem efeito a Portaria n\u00ba 3300\/PROGEPE, de 25&nbsp;de novembro de 2020, que concedeu&nbsp;progress\u00e3o funcional \u00e0 servidora DANIELLE ANNONI &#8211; 2323065, lotada no N\u00facleo de Pr\u00e1tica Jur\u00eddica do Setor de Ci\u00eancias Jur\u00eddicas, conforme despacho 12740 (3160970) do processo n\u00ba 23075.048745\/2020-33.  <!-- wp:paragraph {\"align\":\"right\"} \n\n<p class=\"has-text-align-right\">\n<\/p>\n","protected":false},"author":48,"featured_media":0,"comment_status":"closed","ping_status":"closed","sticky":false,"template":"","format":"standard","meta":{"_acf_changed":false,"iawp_total_views":2,"footnotes":""},"categories":[116],"tags":[143],"class_list":["post-61221","post","type-post","status-publish","format-standard","hentry","category-progepe","tag-progressao-promocao"],"acf":[],"_links":{"self":[{"href":"https:\/\/progepe.ufpr.br\/portarias\/wp-json\/wp\/v2\/posts\/61221","targetHints":{"allow":["GET"]}}],"collection":[{"href":"https:\/\/progepe.ufpr.br\/portarias\/wp-json\/wp\/v2\/posts"}],"about":[{"href":"https:\/\/progepe.ufpr.br\/portarias\/wp-json\/wp\/v2\/types\/post"}],"author":[{"embeddable":true,"href":"https:\/\/progepe.ufpr.br\/portarias\/wp-json\/wp\/v2\/users\/48"}],"replies":[{"embeddable":true,"href":"https:\/\/progepe.ufpr.br\/portarias\/wp-json\/wp\/v2\/comments?post=61221"}],"version-history":[{"count":3,"href":"https:\/\/progepe.ufpr.br\/portarias\/wp-json\/wp\/v2\/posts\/61221\/revisions"}],"predecessor-version":[{"id":174164,"href":"https:\/\/progepe.ufpr.br\/portarias\/wp-json\/wp\/v2\/posts\/61221\/revisions\/174164"}],"wp:attachment":[{"href":"https:\/\/progepe.ufpr.br\/portarias\/wp-json\/wp\/v2\/media?parent=61221"}],"wp:term":[{"taxonomy":"category","embeddable":true,"href":"https:\/\/progepe.ufpr.br\/portarias\/wp-json\/wp\/v2\/categories?post=61221"},{"taxonomy":"post_tag","embeddable":true,"href":"https:\/\/progepe.ufpr.br\/portarias\/wp-json\/wp\/v2\/tags?post=61221"}],"curies":[{"name":"wp","href":"https:\/\/api.w.org\/{rel}","templated":true}]}}