{"id":61353,"date":"2020-12-01T10:03:00","date_gmt":"2020-12-01T13:03:00","guid":{"rendered":"http:\/\/progepe.ufpr.br\/portal\/?post_type=portarias&#038;p=61353"},"modified":"2023-08-03T12:59:37","modified_gmt":"2023-08-03T15:59:37","slug":"progepe-2020-03360","status":"publish","type":"post","link":"https:\/\/progepe.ufpr.br\/portarias\/progepe-2020-03360\/","title":{"rendered":"PORTARIA N\u00ba 03360\/PROGEPE, DE 01 DE DEZEMBRO DE 2020"},"content":{"rendered":"\n<p><strong>O Pr\u00f3-Reitor de Gest\u00e3o de Pessoas da Universidade Federal do Paran\u00e1,<\/strong> no uso de suas atribui\u00e7\u00f5es, tendo em vista a compet\u00eancia que lhe \u00e9 conferida pela Portaria n\u00ba 2.590, de 26 de setembro de 1997, considerando o que consta na&nbsp;Resolu\u00e7\u00e3o n\u00ba 14\/14 \u2013 CEPE, alterada pela Resolu\u00e7\u00e3o n\u00ba 16\/14, o Parecer da CPPD&nbsp;e ainda o que consta no processo n\u00ba 23075.064242\/2020-13, <\/p>\n\n\n\n<p>RESOLVE:<\/p>\n\n\n\n<p>I. Conceder progress\u00e3o funcional ao servidor DIEVAL\nGUIZELINI &#8211; 1169967, ocupante do cargo de Professor de Ensino B\u00e1sico, T\u00e9cnico e\nTecnol\u00f3gico, lotado no Setor de Educa\u00e7\u00e3o Profissional e Tecnol\u00f3gica, do n\u00edvel &#8211;\nclasse D 401 para o n\u00edvel &#8211;&nbsp;classe D&nbsp;402, conforme Parecer da CPPD, a\npartir de&nbsp;25 de novembro de 2020.<\/p>\n\n\n\n<p>II. A progress\u00e3o subsequente ser\u00e1 a partir de 25 de\nnovembro de 2022.<\/p>\n\n\n\n<p class=\"has-text-align-right\"><\/p>\n\n\n\n<p> <\/p>\n","protected":false},"excerpt":{"rendered":"<p>I. Conceder progress\u00e3o funcional ao servidor DIEVAL GUIZELINI &#8211; 1169967, ocupante do cargo de Professor de Ensino B\u00e1sico, T\u00e9cnico e Tecnol\u00f3gico, lotado no Setor de Educa\u00e7\u00e3o Profissional e Tecnol\u00f3gica, do n\u00edvel &#8211; classe D 401 para o n\u00edvel &#8211;&nbsp;classe D&nbsp;402, conforme Parecer da CPPD, a partir de&nbsp;25 de novembro de 2020.  II. A progress\u00e3o subsequente ser\u00e1 a partir de 25 de novembro de 2022.  <!-- wp:paragraph {\"align\":\"right\"} \n\n<p class=\"has-text-align-right\">\n<\/p>\n","protected":false},"author":50,"featured_media":0,"comment_status":"closed","ping_status":"closed","sticky":false,"template":"","format":"standard","meta":{"_acf_changed":false,"iawp_total_views":0,"footnotes":""},"categories":[116],"tags":[143],"class_list":["post-61353","post","type-post","status-publish","format-standard","hentry","category-progepe","tag-progressao-promocao"],"acf":[],"_links":{"self":[{"href":"https:\/\/progepe.ufpr.br\/portarias\/wp-json\/wp\/v2\/posts\/61353","targetHints":{"allow":["GET"]}}],"collection":[{"href":"https:\/\/progepe.ufpr.br\/portarias\/wp-json\/wp\/v2\/posts"}],"about":[{"href":"https:\/\/progepe.ufpr.br\/portarias\/wp-json\/wp\/v2\/types\/post"}],"author":[{"embeddable":true,"href":"https:\/\/progepe.ufpr.br\/portarias\/wp-json\/wp\/v2\/users\/50"}],"replies":[{"embeddable":true,"href":"https:\/\/progepe.ufpr.br\/portarias\/wp-json\/wp\/v2\/comments?post=61353"}],"version-history":[{"count":3,"href":"https:\/\/progepe.ufpr.br\/portarias\/wp-json\/wp\/v2\/posts\/61353\/revisions"}],"predecessor-version":[{"id":174176,"href":"https:\/\/progepe.ufpr.br\/portarias\/wp-json\/wp\/v2\/posts\/61353\/revisions\/174176"}],"wp:attachment":[{"href":"https:\/\/progepe.ufpr.br\/portarias\/wp-json\/wp\/v2\/media?parent=61353"}],"wp:term":[{"taxonomy":"category","embeddable":true,"href":"https:\/\/progepe.ufpr.br\/portarias\/wp-json\/wp\/v2\/categories?post=61353"},{"taxonomy":"post_tag","embeddable":true,"href":"https:\/\/progepe.ufpr.br\/portarias\/wp-json\/wp\/v2\/tags?post=61353"}],"curies":[{"name":"wp","href":"https:\/\/api.w.org\/{rel}","templated":true}]}}