{"id":61454,"date":"2020-12-02T10:01:00","date_gmt":"2020-12-02T13:01:00","guid":{"rendered":"http:\/\/progepe.ufpr.br\/portal\/?post_type=portarias&#038;p=61454"},"modified":"2023-08-03T12:59:40","modified_gmt":"2023-08-03T15:59:40","slug":"progepe-2020-03384","status":"publish","type":"post","link":"https:\/\/progepe.ufpr.br\/portarias\/progepe-2020-03384\/","title":{"rendered":"PORTARIA N\u00ba 03384\/PROGEPE, DE 02 DE DEZEMBRO DE 2020"},"content":{"rendered":"\n<p><strong>O Pr\u00f3-Reitor de Gest\u00e3o de Pessoas da Universidade Federal do Paran\u00e1, <\/strong>no  uso de suas atribui\u00e7\u00f5es, tendo em vista a compet\u00eancia que lhe \u00e9  conferida pela Portaria n\u00ba 2.590, de 26 de setembro de 1997, de acordo  com os Artigos 11 e 12 da Lei n\u00ba 11.091\/05; os Anexos II e III do  Decreto n\u00ba 5.824\/06, Portaria n\u00ba 18.908\/2016 PROGEPE\/UFPR; Of\u00edcio  Circular SEI n\u00ba 2\/2019\/CGCARASSES\/CGCAR\/DESEN\/SGP\/SEDGG-ME; e, o que  consta no processo n\u00ba 23075.057493\/2020-33; <\/p>\n\n\n\n<p>RESOLVE:<\/p>\n\n\n\n<p> Conceder o Incentivo \u00e0 Qualifica\u00e7\u00e3o no percentual de 30% (trinta) por  cento, a partir de 20 de outubro de 2020, \u00e0 servidora LICIANE CARLA DA  SILVA BANDEIRA &#8211; 1170155, ocupante do cargo de T\u00e9cnico em Enfermagem,  lotada na Se\u00e7\u00e3o Administrativa do Centro de Estudos do Mar, tendo em  vista ter apresentado Certificado do Curso de P\u00f3s-Gradua\u00e7\u00e3o Lato Sensu  em n\u00edvel de&nbsp;Especializa\u00e7\u00e3o em Enfermagem do Trabalho, emitido pela  UNINTER. <\/p>\n\n\n\n<p class=\"has-text-align-right\"><\/p>\n","protected":false},"excerpt":{"rendered":"<p>Conceder o Incentivo \u00e0 Qualifica\u00e7\u00e3o no percentual de 30% (trinta) por cento, a partir de 20 de outubro de 2020, \u00e0 servidora LICIANE CARLA DA SILVA BANDEIRA &#8211; 1170155, ocupante do cargo de T\u00e9cnico em Enfermagem, lotada na Se\u00e7\u00e3o Administrativa do Centro de Estudos do Mar, tendo em vista ter apresentado Certificado do Curso de P\u00f3s-Gradua\u00e7\u00e3o Lato Sensu em n\u00edvel de&nbsp;Especializa\u00e7\u00e3o em Enfermagem do Trabalho, emitido pela UNINTER.  <!-- wp:paragraph {\"align\":\"right\"} \n\n<p class=\"has-text-align-right\">\n<\/p>\n","protected":false},"author":48,"featured_media":0,"comment_status":"closed","ping_status":"closed","sticky":false,"template":"","format":"standard","meta":{"_acf_changed":false,"iawp_total_views":3,"footnotes":""},"categories":[116],"tags":[142],"class_list":["post-61454","post","type-post","status-publish","format-standard","hentry","category-progepe","tag-incentivo-qualificacao"],"acf":[],"_links":{"self":[{"href":"https:\/\/progepe.ufpr.br\/portarias\/wp-json\/wp\/v2\/posts\/61454","targetHints":{"allow":["GET"]}}],"collection":[{"href":"https:\/\/progepe.ufpr.br\/portarias\/wp-json\/wp\/v2\/posts"}],"about":[{"href":"https:\/\/progepe.ufpr.br\/portarias\/wp-json\/wp\/v2\/types\/post"}],"author":[{"embeddable":true,"href":"https:\/\/progepe.ufpr.br\/portarias\/wp-json\/wp\/v2\/users\/48"}],"replies":[{"embeddable":true,"href":"https:\/\/progepe.ufpr.br\/portarias\/wp-json\/wp\/v2\/comments?post=61454"}],"version-history":[{"count":3,"href":"https:\/\/progepe.ufpr.br\/portarias\/wp-json\/wp\/v2\/posts\/61454\/revisions"}],"predecessor-version":[{"id":174261,"href":"https:\/\/progepe.ufpr.br\/portarias\/wp-json\/wp\/v2\/posts\/61454\/revisions\/174261"}],"wp:attachment":[{"href":"https:\/\/progepe.ufpr.br\/portarias\/wp-json\/wp\/v2\/media?parent=61454"}],"wp:term":[{"taxonomy":"category","embeddable":true,"href":"https:\/\/progepe.ufpr.br\/portarias\/wp-json\/wp\/v2\/categories?post=61454"},{"taxonomy":"post_tag","embeddable":true,"href":"https:\/\/progepe.ufpr.br\/portarias\/wp-json\/wp\/v2\/tags?post=61454"}],"curies":[{"name":"wp","href":"https:\/\/api.w.org\/{rel}","templated":true}]}}