{"id":61476,"date":"2020-12-02T10:05:00","date_gmt":"2020-12-02T13:05:00","guid":{"rendered":"http:\/\/progepe.ufpr.br\/portal\/?post_type=portarias&#038;p=61476"},"modified":"2023-08-03T12:59:41","modified_gmt":"2023-08-03T15:59:41","slug":"progepe-2020-03388","status":"publish","type":"post","link":"https:\/\/progepe.ufpr.br\/portarias\/progepe-2020-03388\/","title":{"rendered":"PORTARIA N\u00ba 03388\/PROGEPE, DE 02 DE DEZEMBRO DE 2020"},"content":{"rendered":"\n<p><strong>O\u00a0Pr\u00f3-Reitor\u00a0de Gest\u00e3o de Pessoas da Universidade Federal do Paran\u00e1,<\/strong>\u00a0no  uso de suas atribui\u00e7\u00f5es, tendo em vista a compet\u00eancia que lhe \u00e9  conferida pela Portaria n\u00ba 2.590, de 26 de setembro de 1997,  considerando o que consta na Resolu\u00e7\u00e3o n\u00ba 10\/2014-CEPE e ainda o que  consta no processo n\u00ba 23075.078101\/2015-11, <\/p>\n\n\n\n<p>RESOLVE:<\/p>\n\n\n\n<p> Alterar, considerando os termos do Parecer de For\u00e7a Execut\u00f3ria\u00a0n\u00ba 00078\/2020\/SEGAP\/PFPR\/PGF\/AGU\u00a0(doc. SEI n\u00ba\u00a0<a rel=\"noreferrer noopener\" href=\"https:\/\/sei.ufpr.br\/sei\/web\/controlador.php?acao=protocolo_visualizar&amp;id_protocolo=3416492&amp;id_procedimento_atual=3416488&amp;infra_sistema=100000100&amp;infra_unidade_atual=440&amp;infra_hash=6321acdbd872657dd7dba80e747de823b9917cd75e83fbd60cfb6008f7e0dcf1\" target=\"_blank\">3162655<\/a>),  a Portaria n\u00ba 2310\/PROGEPE, de 04\u00a0de junho de 2019, que concedeu  \u00a0progress\u00e3o funcional \u00e0 servidora ANA TEREZA RAMOS MOREIRA &#8211; 1296900,  lotada no Departamento de Oftalmo Otorrinolaringologia do Setor de  Ci\u00eancias da Sa\u00fade, a fim de que passe a constar a progress\u00e3o\u00a0constante  no Parecer da CPPD (doc. SEI n\u00ba\u00a0<a rel=\"noreferrer noopener\" href=\"https:\/\/sei.ufpr.br\/sei\/web\/controlador.php?acao=protocolo_visualizar&amp;id_protocolo=3416489&amp;id_procedimento_atual=3416488&amp;infra_sistema=100000100&amp;infra_unidade_atual=440&amp;infra_hash=748ec5c7036343b1cd3da745c880553297f8a782c402c0f553f87dda38ac918c\" target=\"_blank\">3162652<\/a>), do n\u00edvel 6-01 da classe C \u2013 Adjunto, para o n\u00edvel 8-01 da classe Titular, e n\u00e3o como constou naquele ato. <\/p>\n\n\n\n<p style=\"text-align:right\"><strong>DOUGLAS ORTIZ HAMERMULLER<\/strong><\/p>\n","protected":false},"excerpt":{"rendered":"<p>Alterar, considerando os termos do Parecer de For\u00e7a Execut\u00f3ria\u00a0n\u00ba 00078\/2020\/SEGAP\/PFPR\/PGF\/AGU\u00a0(doc. SEI n\u00ba\u00a0<a rel=\"noreferrer noopener\" href=\"https:\/\/sei.ufpr.br\/sei\/web\/controlador.php?acao=protocolo_visualizar&amp;id_protocolo=3416492&amp;id_procedimento_atual=3416488&amp;infra_sistema=100000100&amp;infra_unidade_atual=440&amp;infra_hash=6321acdbd872657dd7dba80e747de823b9917cd75e83fbd60cfb6008f7e0dcf1\" target=\"_blank\">3162655<\/a>), a Portaria n\u00ba 2310\/PROGEPE, de 04\u00a0de junho de 2019, que concedeu \u00a0progress\u00e3o funcional \u00e0 servidora ANA TEREZA RAMOS MOREIRA &#8211; 1296900, lotada no Departamento de Oftalmo Otorrinolaringologia do Setor de Ci\u00eancias da Sa\u00fade, a fim de que passe a constar a progress\u00e3o\u00a0constante no Parecer da CPPD (doc. SEI n\u00ba\u00a0<a rel=\"noreferrer noopener\" href=\"https:\/\/sei.ufpr.br\/sei\/web\/controlador.php?acao=protocolo_visualizar&amp;id_protocolo=3416489&amp;id_procedimento_atual=3416488&amp;infra_sistema=100000100&amp;infra_unidade_atual=440&amp;infra_hash=748ec5c7036343b1c\n<\/p>\n","protected":false},"author":48,"featured_media":0,"comment_status":"closed","ping_status":"closed","sticky":false,"template":"","format":"standard","meta":{"_acf_changed":false,"iawp_total_views":0,"footnotes":""},"categories":[116],"tags":[143],"class_list":["post-61476","post","type-post","status-publish","format-standard","hentry","category-progepe","tag-progressao-promocao"],"acf":[],"_links":{"self":[{"href":"https:\/\/progepe.ufpr.br\/portarias\/wp-json\/wp\/v2\/posts\/61476","targetHints":{"allow":["GET"]}}],"collection":[{"href":"https:\/\/progepe.ufpr.br\/portarias\/wp-json\/wp\/v2\/posts"}],"about":[{"href":"https:\/\/progepe.ufpr.br\/portarias\/wp-json\/wp\/v2\/types\/post"}],"author":[{"embeddable":true,"href":"https:\/\/progepe.ufpr.br\/portarias\/wp-json\/wp\/v2\/users\/48"}],"replies":[{"embeddable":true,"href":"https:\/\/progepe.ufpr.br\/portarias\/wp-json\/wp\/v2\/comments?post=61476"}],"version-history":[{"count":1,"href":"https:\/\/progepe.ufpr.br\/portarias\/wp-json\/wp\/v2\/posts\/61476\/revisions"}],"predecessor-version":[{"id":196557,"href":"https:\/\/progepe.ufpr.br\/portarias\/wp-json\/wp\/v2\/posts\/61476\/revisions\/196557"}],"wp:attachment":[{"href":"https:\/\/progepe.ufpr.br\/portarias\/wp-json\/wp\/v2\/media?parent=61476"}],"wp:term":[{"taxonomy":"category","embeddable":true,"href":"https:\/\/progepe.ufpr.br\/portarias\/wp-json\/wp\/v2\/categories?post=61476"},{"taxonomy":"post_tag","embeddable":true,"href":"https:\/\/progepe.ufpr.br\/portarias\/wp-json\/wp\/v2\/tags?post=61476"}],"curies":[{"name":"wp","href":"https:\/\/api.w.org\/{rel}","templated":true}]}}