{"id":61482,"date":"2020-12-02T10:06:00","date_gmt":"2020-12-02T13:06:00","guid":{"rendered":"http:\/\/progepe.ufpr.br\/portal\/?post_type=portarias&#038;p=61482"},"modified":"2023-08-03T12:59:41","modified_gmt":"2023-08-03T15:59:41","slug":"progepe-2020-03389","status":"publish","type":"post","link":"https:\/\/progepe.ufpr.br\/portarias\/progepe-2020-03389\/","title":{"rendered":"PORTARIA N\u00ba 03389\/PROGEPE, DE 02 DE DEZEMBRO DE 2020"},"content":{"rendered":"\n<p><strong>O Pr\u00f3-Reitor de Gest\u00e3o de Pessoas da Universidade Federal do Paran\u00e1, <\/strong>no  uso de suas atribui\u00e7\u00f5es, tendo em vista a compet\u00eancia que lhe \u00e9  conferida pela Portaria n\u00ba 2.590, de 26 de setembro de 1997, de acordo  com o Art. 10, \u00a7 1\u00ba e 4\u00ba da Lei n\u00ba 11.091\/05; Art. 4\u00ba \u00a7 1\u00ba do Decreto n\u00ba  5.824\/06; Portaria MEC 09\/06; Portaria MEC 39\/11; Parecer MEC  50151\/2015\/DCC\/COLEP\/CGGP\/SAA; Portaria n\u00ba 18.908\/PROGEPE, de  16.08.2016; e, ainda o contido no processo n\u00ba 23075.055771\/2020-18, <\/p>\n\n\n\n<p>RESOLVE:<\/p>\n\n\n\n<p> Conceder progress\u00e3o por capacita\u00e7\u00e3o profissional \u00e0 servidora FERNANDA  GABARDO DIAS PINHEIRO \u2013 2268316, ocupante do cargo Assistente em  Administra\u00e7\u00e3o, lotada no Departamento de Qu\u00edmica do Setor de Ci\u00eancias  Exatas, do n\u00edvel D-03 para o n\u00edvel D-04, padr\u00e3o de Vencimento 04, a  partir de 16 de outubro de 2020, conforme Parecer da Unidade de An\u00e1lise  de T\u00edtulos (3139343), no processo n\u00ba 23075.055771\/2020-18. <\/p>\n\n\n\n<p style=\"text-align:right\"><strong>DOUGLAS ORTIZ HAMERMULLER<\/strong><\/p>\n","protected":false},"excerpt":{"rendered":"<p>Conceder progress\u00e3o por capacita\u00e7\u00e3o profissional \u00e0 servidora FERNANDA GABARDO DIAS PINHEIRO \u2013 2268316, ocupante do cargo Assistente em Administra\u00e7\u00e3o, lotada no Departamento de Qu\u00edmica do Setor de Ci\u00eancias Exatas, do n\u00edvel D-03 para o n\u00edvel D-04, padr\u00e3o de Vencimento 04, a partir de 16 de outubro de 2020, conforme Parecer da Unidade de An\u00e1lise de T\u00edtulos (3139343), no processo n\u00ba 23075.055771\/2020-18.  <!-- wp:paragraph {\"align\":\"right\"} \n\n<p style=\"text-align:right\"><strong>DOUGLAS ORTIZ HAMERMULLER<\/strong>\n<\/p>\n","protected":false},"author":48,"featured_media":0,"comment_status":"closed","ping_status":"closed","sticky":false,"template":"","format":"standard","meta":{"_acf_changed":false,"iawp_total_views":1,"footnotes":""},"categories":[116],"tags":[143],"class_list":["post-61482","post","type-post","status-publish","format-standard","hentry","category-progepe","tag-progressao-promocao"],"acf":[],"_links":{"self":[{"href":"https:\/\/progepe.ufpr.br\/portarias\/wp-json\/wp\/v2\/posts\/61482","targetHints":{"allow":["GET"]}}],"collection":[{"href":"https:\/\/progepe.ufpr.br\/portarias\/wp-json\/wp\/v2\/posts"}],"about":[{"href":"https:\/\/progepe.ufpr.br\/portarias\/wp-json\/wp\/v2\/types\/post"}],"author":[{"embeddable":true,"href":"https:\/\/progepe.ufpr.br\/portarias\/wp-json\/wp\/v2\/users\/48"}],"replies":[{"embeddable":true,"href":"https:\/\/progepe.ufpr.br\/portarias\/wp-json\/wp\/v2\/comments?post=61482"}],"version-history":[{"count":1,"href":"https:\/\/progepe.ufpr.br\/portarias\/wp-json\/wp\/v2\/posts\/61482\/revisions"}],"predecessor-version":[{"id":196558,"href":"https:\/\/progepe.ufpr.br\/portarias\/wp-json\/wp\/v2\/posts\/61482\/revisions\/196558"}],"wp:attachment":[{"href":"https:\/\/progepe.ufpr.br\/portarias\/wp-json\/wp\/v2\/media?parent=61482"}],"wp:term":[{"taxonomy":"category","embeddable":true,"href":"https:\/\/progepe.ufpr.br\/portarias\/wp-json\/wp\/v2\/categories?post=61482"},{"taxonomy":"post_tag","embeddable":true,"href":"https:\/\/progepe.ufpr.br\/portarias\/wp-json\/wp\/v2\/tags?post=61482"}],"curies":[{"name":"wp","href":"https:\/\/api.w.org\/{rel}","templated":true}]}}