{"id":61598,"date":"2020-12-02T10:16:00","date_gmt":"2020-12-02T13:16:00","guid":{"rendered":"http:\/\/progepe.ufpr.br\/portal\/?post_type=portarias&#038;p=61598"},"modified":"2023-08-03T12:59:42","modified_gmt":"2023-08-03T15:59:42","slug":"progepe-2020-03399","status":"publish","type":"post","link":"https:\/\/progepe.ufpr.br\/portarias\/progepe-2020-03399\/","title":{"rendered":"PORTARIA N\u00ba 03399\/PROGEPE, DE 02 DE DEZEMBRO DE 2020"},"content":{"rendered":"\n<p><strong>O Pr\u00f3-Reitor de Gest\u00e3o de Pessoas da Universidade Federal do Paran\u00e1,<\/strong> no uso de\nsuas atribui\u00e7\u00f5es, tendo em vista a compet\u00eancia que lhe \u00e9 conferida pela\nPortaria n\u00ba 2.590, de 26 de setembro de 1997 e considerando o que consta no\nprocesso n\u00ba 23075.035938\/2020-24,<\/p>\n\n\n\n<p>RESOLVE:<\/p>\n\n\n\n<p>I. Autorizar, considerando o per\u00edodo de calamidade p\u00fablica\ncom o COVID-19, a movimenta\u00e7\u00e3o da servidora KELLY CRISTINA BARBA &#8211;\n2059394, ocupante do cargo de T\u00e9cnica\nde Laborat\u00f3rio &#8211; \u00c1rea, para a Se\u00e7\u00e3o de Coleta Externa de Amostra do Hospital de\nCl\u00ednicas, durante o per\u00edodo de 13 de novembro de 2020 a 31 de dezembro de 2020.<\/p>\n\n\n\n<p>II.\nExcluir, a partir da mesma data, o adicional de insalubridade concedido \u00e0\ncitada servidora.<\/p>\n\n\n\n<p class=\"has-text-align-right\"><\/p>\n","protected":false},"excerpt":{"rendered":"<p>I. Autorizar, considerando o per\u00edodo de calamidade p\u00fablica com o COVID-19, a movimenta\u00e7\u00e3o da servidora KELLY CRISTINA BARBA &#8211; 2059394, ocupante do cargo de T\u00e9cnica de Laborat\u00f3rio &#8211; \u00c1rea, para a Se\u00e7\u00e3o de Coleta Externa de Amostra do Hospital de Cl\u00ednicas, durante o per\u00edodo de 13 de novembro de 2020 a 31 de dezembro de 2020.  II. Excluir, a partir da mesma data, o adicional de insalubridade concedido \u00e0 citada servidora.  <!-- wp:paragraph {\"align\":\"right\"} \n\n<p class=\"has-text-align-right\">\n<\/p>\n","protected":false},"author":49,"featured_media":0,"comment_status":"closed","ping_status":"closed","sticky":false,"template":"","format":"standard","meta":{"_acf_changed":false,"iawp_total_views":0,"footnotes":""},"categories":[116],"tags":[135],"class_list":["post-61598","post","type-post","status-publish","format-standard","hentry","category-progepe","tag-remocao"],"acf":[],"_links":{"self":[{"href":"https:\/\/progepe.ufpr.br\/portarias\/wp-json\/wp\/v2\/posts\/61598","targetHints":{"allow":["GET"]}}],"collection":[{"href":"https:\/\/progepe.ufpr.br\/portarias\/wp-json\/wp\/v2\/posts"}],"about":[{"href":"https:\/\/progepe.ufpr.br\/portarias\/wp-json\/wp\/v2\/types\/post"}],"author":[{"embeddable":true,"href":"https:\/\/progepe.ufpr.br\/portarias\/wp-json\/wp\/v2\/users\/49"}],"replies":[{"embeddable":true,"href":"https:\/\/progepe.ufpr.br\/portarias\/wp-json\/wp\/v2\/comments?post=61598"}],"version-history":[{"count":3,"href":"https:\/\/progepe.ufpr.br\/portarias\/wp-json\/wp\/v2\/posts\/61598\/revisions"}],"predecessor-version":[{"id":174289,"href":"https:\/\/progepe.ufpr.br\/portarias\/wp-json\/wp\/v2\/posts\/61598\/revisions\/174289"}],"wp:attachment":[{"href":"https:\/\/progepe.ufpr.br\/portarias\/wp-json\/wp\/v2\/media?parent=61598"}],"wp:term":[{"taxonomy":"category","embeddable":true,"href":"https:\/\/progepe.ufpr.br\/portarias\/wp-json\/wp\/v2\/categories?post=61598"},{"taxonomy":"post_tag","embeddable":true,"href":"https:\/\/progepe.ufpr.br\/portarias\/wp-json\/wp\/v2\/tags?post=61598"}],"curies":[{"name":"wp","href":"https:\/\/api.w.org\/{rel}","templated":true}]}}