{"id":61673,"date":"2020-12-03T10:18:00","date_gmt":"2020-12-03T13:18:00","guid":{"rendered":"http:\/\/progepe.ufpr.br\/portal\/?post_type=portarias&#038;p=61673"},"modified":"2023-08-03T12:59:45","modified_gmt":"2023-08-03T15:59:45","slug":"progepe-2020-03419","status":"publish","type":"post","link":"https:\/\/progepe.ufpr.br\/portarias\/progepe-2020-03419\/","title":{"rendered":"PORTARIA N\u00ba 03419\/PROGEPE, DE 03 DE DEZEMBRO DE 2020"},"content":{"rendered":"\n<p><strong>O Pr\u00f3-Reitor de Gest\u00e3o de Pessoas da Universidade Federal do Paran\u00e1, <\/strong>no  uso de suas atribui\u00e7\u00f5es, tendo em vista a compet\u00eancia que lhe \u00e9  conferida pela Portaria n\u00ba 2.590, de 26 de setembro de 1997, de acordo  com o Art. 10, \u00a7 1\u00ba e 4\u00ba da Lei n\u00ba 11.091\/05; Art. 4\u00ba \u00a7 1\u00ba do Decreto n\u00ba  5.824\/06; Portaria MEC 09\/06; Portaria MEC 39\/11; Parecer MEC  50151\/2015\/DCC\/COLEP\/CGGP\/SAA; Portaria n\u00ba 18.908\/PROGEPE, de  16.08.2016; e, ainda o contido no processo n\u00ba 23075.059557\/2020-31, <\/p>\n\n\n\n<p>RESOLVE:<\/p>\n\n\n\n<p> Conceder progress\u00e3o por capacita\u00e7\u00e3o profissional \u00e0 servidora ANA CLAUDIA  DE OLIVEIRA \u2013 1828310, ocupante do cargo Administrador, lotada na Se\u00e7\u00e3o  de Servi\u00e7os de Vigil\u00e2ncia da Pr\u00f3-Reitoria de Administra\u00e7\u00e3o, do n\u00edvel  E-02 para o n\u00edvel E-03, padr\u00e3o de Vencimento 03, a partir de 28 de  outubro de 2020, conforme Parecer da Unidade de An\u00e1lise de T\u00edtulos  (3160291), no processo n\u00ba 23075.059557\/2020-31. <\/p>\n\n\n\n<p style=\"text-align:right\"><strong>DOUGLAS ORTIZ HAMERMULLER<\/strong><\/p>\n","protected":false},"excerpt":{"rendered":"<p>Conceder progress\u00e3o por capacita\u00e7\u00e3o profissional \u00e0 servidora ANA CLAUDIA DE OLIVEIRA \u2013 1828310, ocupante do cargo Administrador, lotada na Se\u00e7\u00e3o de Servi\u00e7os de Vigil\u00e2ncia da Pr\u00f3-Reitoria de Administra\u00e7\u00e3o, do n\u00edvel E-02 para o n\u00edvel E-03, padr\u00e3o de Vencimento 03, a partir de 28 de outubro de 2020, conforme Parecer da Unidade de An\u00e1lise de T\u00edtulos (3160291), no processo n\u00ba 23075.059557\/2020-31.  <!-- wp:paragraph {\"align\":\"right\"} \n\n<p style=\"text-align:right\"><strong>DOUGLAS ORTIZ HAMERMULLER<\/strong>\n<\/p>\n","protected":false},"author":48,"featured_media":0,"comment_status":"closed","ping_status":"closed","sticky":false,"template":"","format":"standard","meta":{"_acf_changed":false,"iawp_total_views":0,"footnotes":""},"categories":[116],"tags":[143],"class_list":["post-61673","post","type-post","status-publish","format-standard","hentry","category-progepe","tag-progressao-promocao"],"acf":[],"_links":{"self":[{"href":"https:\/\/progepe.ufpr.br\/portarias\/wp-json\/wp\/v2\/posts\/61673","targetHints":{"allow":["GET"]}}],"collection":[{"href":"https:\/\/progepe.ufpr.br\/portarias\/wp-json\/wp\/v2\/posts"}],"about":[{"href":"https:\/\/progepe.ufpr.br\/portarias\/wp-json\/wp\/v2\/types\/post"}],"author":[{"embeddable":true,"href":"https:\/\/progepe.ufpr.br\/portarias\/wp-json\/wp\/v2\/users\/48"}],"replies":[{"embeddable":true,"href":"https:\/\/progepe.ufpr.br\/portarias\/wp-json\/wp\/v2\/comments?post=61673"}],"version-history":[{"count":1,"href":"https:\/\/progepe.ufpr.br\/portarias\/wp-json\/wp\/v2\/posts\/61673\/revisions"}],"predecessor-version":[{"id":196582,"href":"https:\/\/progepe.ufpr.br\/portarias\/wp-json\/wp\/v2\/posts\/61673\/revisions\/196582"}],"wp:attachment":[{"href":"https:\/\/progepe.ufpr.br\/portarias\/wp-json\/wp\/v2\/media?parent=61673"}],"wp:term":[{"taxonomy":"category","embeddable":true,"href":"https:\/\/progepe.ufpr.br\/portarias\/wp-json\/wp\/v2\/categories?post=61673"},{"taxonomy":"post_tag","embeddable":true,"href":"https:\/\/progepe.ufpr.br\/portarias\/wp-json\/wp\/v2\/tags?post=61673"}],"curies":[{"name":"wp","href":"https:\/\/api.w.org\/{rel}","templated":true}]}}