{"id":61678,"date":"2020-12-03T10:19:00","date_gmt":"2020-12-03T13:19:00","guid":{"rendered":"http:\/\/progepe.ufpr.br\/portal\/?post_type=portarias&#038;p=61678"},"modified":"2023-08-03T12:59:45","modified_gmt":"2023-08-03T15:59:45","slug":"progepe-2020-03420","status":"publish","type":"post","link":"https:\/\/progepe.ufpr.br\/portarias\/progepe-2020-03420\/","title":{"rendered":"PORTARIA N\u00ba 03420\/PROGEPE, DE 03 DE DEZEMBRO DE 2020"},"content":{"rendered":"\n<p><strong>O Pr\u00f3-Reitor de Gest\u00e3o de Pessoas da Universidade Federal do Paran\u00e1,<\/strong>  no uso de suas atribui\u00e7\u00f5es, tendo em vista a compet\u00eancia que lhe \u00e9  conferida pela Portaria n\u00ba 2.590, de 26 de setembro de 1997; o que  consta no Art. 100 e 103 da Lei n\u00ba 8.112\/90 e ainda o contido no  processo n\u00ba 23075.066581\/2020-26, <\/p>\n\n\n\n<p>RESOLVE:<\/p>\n\n\n\n<p>Averbar, a partir de 01 de dezembro de \n2020, em favor do servidor SIDNEI TEIXEIRA &#8211; 341985, ocupante do cargo \nde T\u00e9cnico em Arquivo, aposentado, o tempo de servi\u00e7o abaixo listado, \npara fins de:<\/p>\n\n\n\n<p>Aposentadoria e disponibilidade:<\/p>\n\n\n\n<table class=\"wp-block-table\"><tbody><tr><td>\n\t\t\tEmpresa\n\t\t\t<\/td><td>\n\t\t\tPer\u00edodo\n\t\t\t<\/td><td>\n\t\t\tTotal de dias\n\t\t\t<\/td><\/tr><tr><td>\n\t\t\tA B NOGUEIRA SA\n\t\t\t<\/td><td>\n\t\t\t11\/10\/1971 a 25\/05\/1972\n\t\t\t<\/td><td>\n\t\t\t228\n\t\t\t<\/td><\/tr><tr><td>\n\t\t\tPAULO BONILAURI COM IMOBILIARIO LTDA\n\t\t\t<\/td><td>\n\t\t\t23\/11\/1976 a 30\/04\/1977\n\t\t\t<\/td><td>\n\t\t\t159\n\t\t\t<\/td><\/tr><tr><td>\n\t\t\tAUGUSTUS PROMOCOES E VENDAS\n\t\t\t<\/td><td>\n\t\t\t01\/07\/1977 a 31\/12\/1977\n\t\t\t<\/td><td>\n\t\t\t184\n\t\t\t<\/td><\/tr><tr><td>\n\t\t\tCONDOMINIO EDIFICIO LORENE\n\t\t\t<\/td><td>\n\t\t\t01\/08\/1978 a 17\/11\/1978\n\t\t\t<\/td><td>\n\t\t\t109\n\t\t\t<\/td><\/tr><tr><td>\n\t\t\tNAO CADASTRADO\n\t\t\t<\/td><td>\n\t\t\t04\/06\/1979 a 04\/07\/1979\n\t\t\t<\/td><td>\n\t\t\t31\n\t\t\t<\/td><\/tr><tr><td>\n\t\t\tCONSORCIO NASSER SC LTDA MASSA FALIDA\n\t\t\t<\/td><td>\n\t\t\t01\/09\/1979 a 31\/10\/1979\n\t\t\t<\/td><td>\n\t\t\t61\n\t\t\t<\/td><\/tr><tr><td>\n\t\t\tTAXIS CURITIBA LTDA\n\t\t\t<\/td><td>\n\t\t\t27\/10\/1980 a 21\/11\/1980\n\t\t\t<\/td><td>\n\t\t\t26\n\t\t\t<\/td><\/tr><\/tbody><\/table>\n\n\n\n<p>Aposentadoria, disponibilidade, licen\u00e7a especial e gratifica\u00e7\u00e3o adicional:<\/p>\n\n\n\n<table class=\"wp-block-table\"><tbody><tr><td>\n\t\t\tEmpresa\n\t\t\t<\/td><td>\n\t\t\tPer\u00edodo\n\t\t\t<\/td><td>\n\t\t\tTotal de dias\n\t\t\t<\/td><\/tr><tr><td>\n\t\t\tUNIVERSIDADE FEDERAL DO PARAN\u00c1\n\t\t\t<\/td><td>\n\t\t\t08\/12\/1980 a 01\/08\/1982\n\t\t\t<\/td><td>\n\t\t\t602<\/td><\/tr><\/tbody><\/table>\n\n\n\n<p style=\"text-align:right\"><strong>DOUGLAS ORTIZ HAMERMULLER<\/strong><\/p>\n","protected":false},"excerpt":{"rendered":"<p>Averbar, a partir de 01 de dezembro de 2020, em favor do servidor SIDNEI TEIXEIRA &#8211; 341985, ocupante do cargo de T\u00e9cnico em Arquivo, aposentado, o tempo de servi\u00e7o abaixo listado, para fins de:  Aposentadoria e disponibilidade:  <!-- wp:table \n\n<table class=\"wp-block-table\">\n\n<tbody>\n\n<tr>\n\n<td>  Empresa  <\/td>\n\n\n\n<td>  Per\u00edodo  <\/td>\n\n\n\n<td>  Total de dias  <\/td>\n\n<\/tr>\n\n\n\n<tr>\n\n<td>  A B NOGUEIRA SA  <\/td>\n\n\n\n<td>  11\/10\/1971 a 25\/05\/1972  <\/td>\n\n\n\n<td>  228  <\/td>\n\n<\/tr>\n\n\n\n<tr>\n\n<td>  PAULO BONILAURI COM IMOBILIARIO LTDA  <\/td>\n\n\n\n<td>  23\/11\/1976 a 30\/04\/1977  <\/td>\n\n\n\n<td>  159  <\/td>\n\n<\/tr>\n\n\n\n<tr>\n\n<td>  AUGUSTUS PROMOCOES E VENDAS\n<\/p>\n","protected":false},"author":48,"featured_media":0,"comment_status":"closed","ping_status":"closed","sticky":false,"template":"","format":"standard","meta":{"_acf_changed":false,"iawp_total_views":0,"footnotes":""},"categories":[116],"tags":[140],"class_list":["post-61678","post","type-post","status-publish","format-standard","hentry","category-progepe","tag-averbacao-desaverbacao"],"acf":[],"_links":{"self":[{"href":"https:\/\/progepe.ufpr.br\/portarias\/wp-json\/wp\/v2\/posts\/61678","targetHints":{"allow":["GET"]}}],"collection":[{"href":"https:\/\/progepe.ufpr.br\/portarias\/wp-json\/wp\/v2\/posts"}],"about":[{"href":"https:\/\/progepe.ufpr.br\/portarias\/wp-json\/wp\/v2\/types\/post"}],"author":[{"embeddable":true,"href":"https:\/\/progepe.ufpr.br\/portarias\/wp-json\/wp\/v2\/users\/48"}],"replies":[{"embeddable":true,"href":"https:\/\/progepe.ufpr.br\/portarias\/wp-json\/wp\/v2\/comments?post=61678"}],"version-history":[{"count":1,"href":"https:\/\/progepe.ufpr.br\/portarias\/wp-json\/wp\/v2\/posts\/61678\/revisions"}],"predecessor-version":[{"id":196583,"href":"https:\/\/progepe.ufpr.br\/portarias\/wp-json\/wp\/v2\/posts\/61678\/revisions\/196583"}],"wp:attachment":[{"href":"https:\/\/progepe.ufpr.br\/portarias\/wp-json\/wp\/v2\/media?parent=61678"}],"wp:term":[{"taxonomy":"category","embeddable":true,"href":"https:\/\/progepe.ufpr.br\/portarias\/wp-json\/wp\/v2\/categories?post=61678"},{"taxonomy":"post_tag","embeddable":true,"href":"https:\/\/progepe.ufpr.br\/portarias\/wp-json\/wp\/v2\/tags?post=61678"}],"curies":[{"name":"wp","href":"https:\/\/api.w.org\/{rel}","templated":true}]}}