{"id":61698,"date":"2020-12-03T10:21:00","date_gmt":"2020-12-03T13:21:00","guid":{"rendered":"http:\/\/progepe.ufpr.br\/portal\/?post_type=portarias&#038;p=61698"},"modified":"2023-08-03T12:59:45","modified_gmt":"2023-08-03T15:59:45","slug":"progepe-2020-03422","status":"publish","type":"post","link":"https:\/\/progepe.ufpr.br\/portarias\/progepe-2020-03422\/","title":{"rendered":"PORTARIA N\u00ba 03422\/PROGEPE, DE 03 DE DEZEMBRO DE 2020"},"content":{"rendered":"\n<p><strong>O Pr\u00f3-Reitor de Gest\u00e3o de Pessoas da Universidade Federal do Paran\u00e1<\/strong>, no uso de suas atribui\u00e7\u00f5es, que lhe confere ato normativo Portaria n. 2.590\/REITORIA, de 26 de setembro de 1997 e considerando o disposto em ATO DE CONCESSAO n\u00ba 56 de 23\/02\/2017, <\/p>\n\n\n\n<p>RESOLVE: <\/p>\n\n\n\n<p>Conceder o adicional ocupacional, conforme listado,\ntendo em vista o que consta no Processo 23075.064713\/2020-85 e o Parecer\nT\u00e9cnico 264\/2020 &#8211; UST.<\/p>\n\n\n\n<p>Servidora: LUCIANI MERY DE FREITAS SIQUEIRA. Cargo:\nENFERMEIRO-AREA. Lota\u00e7\u00e3o:&nbsp;595 &#8211; HC\/DAS\/CVP &#8211; EQUIPE DE ENF CTCV E CV.\nAdicional:&nbsp;INSALUBRIDADE GRAU M\u00c9DIO. In\u00edcio da Concess\u00e3o: 01\/12\/2020.<\/p>\n\n\n\n<p class=\"has-text-align-right\"><\/p>\n","protected":false},"excerpt":{"rendered":"<p>O Pr\u00f3-Reitor de Gest\u00e3o de Pessoas da Universidade Federal do Paran\u00e1, no uso de suas atribui\u00e7\u00f5es, que lhe confere ato normativo Portaria n. 2.590\/REITORIA, de 26 de setembro de 1997 e considerando o disposto em ATO DE CONCESSAO n\u00ba 56 de 23\/02\/2017, RESOLVE: Conceder o adicional ocupacional, conforme listado, tendo em vista o que consta [&hellip;]<\/p>\n","protected":false},"author":50,"featured_media":0,"comment_status":"closed","ping_status":"closed","sticky":false,"template":"","format":"standard","meta":{"_acf_changed":false,"iawp_total_views":0,"footnotes":""},"categories":[116],"tags":[139],"class_list":["post-61698","post","type-post","status-publish","format-standard","hentry","category-progepe","tag-adicional"],"acf":[],"_links":{"self":[{"href":"https:\/\/progepe.ufpr.br\/portarias\/wp-json\/wp\/v2\/posts\/61698","targetHints":{"allow":["GET"]}}],"collection":[{"href":"https:\/\/progepe.ufpr.br\/portarias\/wp-json\/wp\/v2\/posts"}],"about":[{"href":"https:\/\/progepe.ufpr.br\/portarias\/wp-json\/wp\/v2\/types\/post"}],"author":[{"embeddable":true,"href":"https:\/\/progepe.ufpr.br\/portarias\/wp-json\/wp\/v2\/users\/50"}],"replies":[{"embeddable":true,"href":"https:\/\/progepe.ufpr.br\/portarias\/wp-json\/wp\/v2\/comments?post=61698"}],"version-history":[{"count":3,"href":"https:\/\/progepe.ufpr.br\/portarias\/wp-json\/wp\/v2\/posts\/61698\/revisions"}],"predecessor-version":[{"id":174310,"href":"https:\/\/progepe.ufpr.br\/portarias\/wp-json\/wp\/v2\/posts\/61698\/revisions\/174310"}],"wp:attachment":[{"href":"https:\/\/progepe.ufpr.br\/portarias\/wp-json\/wp\/v2\/media?parent=61698"}],"wp:term":[{"taxonomy":"category","embeddable":true,"href":"https:\/\/progepe.ufpr.br\/portarias\/wp-json\/wp\/v2\/categories?post=61698"},{"taxonomy":"post_tag","embeddable":true,"href":"https:\/\/progepe.ufpr.br\/portarias\/wp-json\/wp\/v2\/tags?post=61698"}],"curies":[{"name":"wp","href":"https:\/\/api.w.org\/{rel}","templated":true}]}}