{"id":61806,"date":"2020-12-04T10:01:00","date_gmt":"2020-12-04T13:01:00","guid":{"rendered":"http:\/\/progepe.ufpr.br\/portal\/?post_type=portarias&#038;p=61806"},"modified":"2023-08-03T12:59:45","modified_gmt":"2023-08-03T15:59:45","slug":"progepe-2020-03424","status":"publish","type":"post","link":"https:\/\/progepe.ufpr.br\/portarias\/progepe-2020-03424\/","title":{"rendered":"PORTARIA N\u00ba 03424\/PROGEPE, DE 04 DE DEZEMBRO DE 2020"},"content":{"rendered":"\n<p><strong>O Pr\u00f3-Reitor de Gest\u00e3o de Pessoas da Universidade Federal do Paran\u00e1,<\/strong>  no uso de suas atribui\u00e7\u00f5es, tendo em vista a compet\u00eancia que lhe \u00e9  conferida pela Portaria n\u00ba 2.590, de 26 de setembro de 1997 e o contido  no processo n\u00ba 23075.066762\/2020-52; <\/p>\n\n\n\n<p>RESOLVE:<\/p>\n\n\n\n<p> Autorizar, a partir de 16 de novembro de 2020, a movimenta\u00e7\u00e3o da  servidora PRISCILA MEISSNER DE FREITAS &#8211; 1944491, ocupante do cargo  Nutricionista Habilita\u00e7\u00e3o, para o Servi\u00e7o de Nutri\u00e7\u00e3o Cl\u00ednica do  Hospital de Cl\u00ednicas. <\/p>\n\n\n\n<p style=\"text-align:right\"><strong>DOUGLAS ORTIZ HAMERMULLER<\/strong><\/p>\n","protected":false},"excerpt":{"rendered":"<p>Autorizar, a partir de 16 de novembro de 2020, a movimenta\u00e7\u00e3o da servidora PRISCILA MEISSNER DE FREITAS &#8211; 1944491, ocupante do cargo Nutricionista Habilita\u00e7\u00e3o, para o Servi\u00e7o de Nutri\u00e7\u00e3o Cl\u00ednica do Hospital de Cl\u00ednicas.  <!-- wp:paragraph {\"align\":\"right\"} \n\n<p style=\"text-align:right\"><strong>DOUGLAS ORTIZ HAMERMULLER<\/strong>\n<\/p>\n","protected":false},"author":48,"featured_media":0,"comment_status":"closed","ping_status":"closed","sticky":false,"template":"","format":"standard","meta":{"_acf_changed":false,"iawp_total_views":1,"footnotes":""},"categories":[116],"tags":[135],"class_list":["post-61806","post","type-post","status-publish","format-standard","hentry","category-progepe","tag-remocao"],"acf":[],"_links":{"self":[{"href":"https:\/\/progepe.ufpr.br\/portarias\/wp-json\/wp\/v2\/posts\/61806","targetHints":{"allow":["GET"]}}],"collection":[{"href":"https:\/\/progepe.ufpr.br\/portarias\/wp-json\/wp\/v2\/posts"}],"about":[{"href":"https:\/\/progepe.ufpr.br\/portarias\/wp-json\/wp\/v2\/types\/post"}],"author":[{"embeddable":true,"href":"https:\/\/progepe.ufpr.br\/portarias\/wp-json\/wp\/v2\/users\/48"}],"replies":[{"embeddable":true,"href":"https:\/\/progepe.ufpr.br\/portarias\/wp-json\/wp\/v2\/comments?post=61806"}],"version-history":[{"count":1,"href":"https:\/\/progepe.ufpr.br\/portarias\/wp-json\/wp\/v2\/posts\/61806\/revisions"}],"predecessor-version":[{"id":196586,"href":"https:\/\/progepe.ufpr.br\/portarias\/wp-json\/wp\/v2\/posts\/61806\/revisions\/196586"}],"wp:attachment":[{"href":"https:\/\/progepe.ufpr.br\/portarias\/wp-json\/wp\/v2\/media?parent=61806"}],"wp:term":[{"taxonomy":"category","embeddable":true,"href":"https:\/\/progepe.ufpr.br\/portarias\/wp-json\/wp\/v2\/categories?post=61806"},{"taxonomy":"post_tag","embeddable":true,"href":"https:\/\/progepe.ufpr.br\/portarias\/wp-json\/wp\/v2\/tags?post=61806"}],"curies":[{"name":"wp","href":"https:\/\/api.w.org\/{rel}","templated":true}]}}