{"id":62021,"date":"2020-12-07T10:11:00","date_gmt":"2020-12-07T13:11:00","guid":{"rendered":"http:\/\/progepe.ufpr.br\/portal\/?post_type=portarias&#038;p=62021"},"modified":"2023-08-03T12:59:51","modified_gmt":"2023-08-03T15:59:51","slug":"progepe-2020-03463","status":"publish","type":"post","link":"https:\/\/progepe.ufpr.br\/portarias\/progepe-2020-03463\/","title":{"rendered":"PORTARIA N\u00ba 03463\/PROGEPE, DE 07 DE DEZEMBRO DE 2020"},"content":{"rendered":"\n<p><strong>O Pr\u00f3-Reitor de Gest\u00e3o de Pessoas da Universidade Federal do Paran\u00e1<\/strong>, no uso de suas atribui\u00e7\u00f5es, que lhe confere ato normativo Portaria n. 2.590\/REITORIA, de 26 de setembro de 1997 e considerando o disposto em ATO DE CONCESS\u00c3O n\u00ba 153 de 08\/03\/2018, <\/p>\n\n\n\n<p>RESOLVE: <\/p>\n\n\n\n<p>Conceder o adicional ocupacional, conforme listado,\ntendo em vista o que consta no Processo 23075.066803\/2020-19 e o Parecer\nT\u00e9cnico 288\/2020 &#8211; UST.<\/p>\n\n\n\n<p>Servidor: DANIEL EDUARDO CIPOLI. Cargo:\nMEDICO-AREA. Lota\u00e7\u00e3o: 631 &#8211; HC\/DAS\/UCC &#8211; SE\u00c7\u00c3O DE ANESTESIOLOGIA. Adicional:\nINSALUBRIDADE GRAU M\u00c9DIO. In\u00edcio da Concess\u00e3o: 01\/12\/2020.<\/p>\n\n\n\n<p class=\"has-text-align-right\"><\/p>\n","protected":false},"excerpt":{"rendered":"<p>O Pr\u00f3-Reitor de Gest\u00e3o de Pessoas da Universidade Federal do Paran\u00e1, no uso de suas atribui\u00e7\u00f5es, que lhe confere ato normativo Portaria n. 2.590\/REITORIA, de 26 de setembro de 1997 e considerando o disposto em ATO DE CONCESS\u00c3O n\u00ba 153 de 08\/03\/2018, RESOLVE: Conceder o adicional ocupacional, conforme listado, tendo em vista o que consta [&hellip;]<\/p>\n","protected":false},"author":50,"featured_media":0,"comment_status":"closed","ping_status":"open","sticky":false,"template":"","format":"standard","meta":{"_acf_changed":false,"iawp_total_views":0,"footnotes":""},"categories":[116],"tags":[139],"class_list":["post-62021","post","type-post","status-publish","format-standard","hentry","category-progepe","tag-adicional"],"acf":[],"_links":{"self":[{"href":"https:\/\/progepe.ufpr.br\/portarias\/wp-json\/wp\/v2\/posts\/62021","targetHints":{"allow":["GET"]}}],"collection":[{"href":"https:\/\/progepe.ufpr.br\/portarias\/wp-json\/wp\/v2\/posts"}],"about":[{"href":"https:\/\/progepe.ufpr.br\/portarias\/wp-json\/wp\/v2\/types\/post"}],"author":[{"embeddable":true,"href":"https:\/\/progepe.ufpr.br\/portarias\/wp-json\/wp\/v2\/users\/50"}],"replies":[{"embeddable":true,"href":"https:\/\/progepe.ufpr.br\/portarias\/wp-json\/wp\/v2\/comments?post=62021"}],"version-history":[{"count":3,"href":"https:\/\/progepe.ufpr.br\/portarias\/wp-json\/wp\/v2\/posts\/62021\/revisions"}],"predecessor-version":[{"id":125031,"href":"https:\/\/progepe.ufpr.br\/portarias\/wp-json\/wp\/v2\/posts\/62021\/revisions\/125031"}],"wp:attachment":[{"href":"https:\/\/progepe.ufpr.br\/portarias\/wp-json\/wp\/v2\/media?parent=62021"}],"wp:term":[{"taxonomy":"category","embeddable":true,"href":"https:\/\/progepe.ufpr.br\/portarias\/wp-json\/wp\/v2\/categories?post=62021"},{"taxonomy":"post_tag","embeddable":true,"href":"https:\/\/progepe.ufpr.br\/portarias\/wp-json\/wp\/v2\/tags?post=62021"}],"curies":[{"name":"wp","href":"https:\/\/api.w.org\/{rel}","templated":true}]}}