{"id":62051,"date":"2020-12-07T10:38:00","date_gmt":"2020-12-07T13:38:00","guid":{"rendered":"http:\/\/progepe.ufpr.br\/portal\/?post_type=portarias&#038;p=62051"},"modified":"2023-08-03T12:59:54","modified_gmt":"2023-08-03T15:59:54","slug":"progepe-2020-03490","status":"publish","type":"post","link":"https:\/\/progepe.ufpr.br\/portarias\/progepe-2020-03490\/","title":{"rendered":"PORTARIA N\u00ba 03490\/PROGEPE, DE 07 DE DEZEMBRO DE 2020"},"content":{"rendered":"\n<p>O Pr\u00f3-Reitor de Gest\u00e3o de Pessoas da Universidade Federal do Paran\u00e1, no uso de suas atribui\u00e7\u00f5es, que lhe confere ato normativo Portaria n. 2.590\/REITORIA, de 26 de setembro de 1997 e considerando o disposto em ATO DE CONCESS\u00c3O n\u00ba 65 de 07\/12\/2017,<\/p>\n\n\n\n<p><strong>RESOLVE:<\/strong><\/p>\n\n\n\n<p>Conceder o adicional ocupacional, conforme listado, tendo em vista o que consta no Processo 23075.066642\/2020-55 e o Parecer T\u00e9cnico 278\/2020 &#8211; UST.<\/p>\n\n\n\n<p class=\"has-small-font-size\">Servidora: TATIANE ANDREATTA DA SILVA<br>Cargo: AUXILIAR DE ENFERMAGEM<br>Lota\u00e7\u00e3o: 429 &#8211; HC\/DAS\/CEN\/ECN-EQUIPE ENF CIRURGIA GERAL<br>Adicional: INSALUBRIDADE<br>Grau: M\u00c9DIO<br>In\u00edcio Concess\u00e3o: 01\/12\/2020<\/p>\n","protected":false},"excerpt":{"rendered":"<p>Conceder o adicional ocupacional, conforme listado, tendo em vista o que consta no Processo 23075.066642\/2020-55 e o Parecer T\u00e9cnico 278\/2020 &#8211; UST.  <!-- wp:paragraph {\"fontSize\":\"small\"} \n\n<p class=\"has-small-font-size\">Servidora: TATIANE ANDREATTA DA SILVA<br \/>Cargo: AUXILIAR DE ENFERMAGEM<br \/>Lota\u00e7\u00e3o: 429 - HC\/DAS\/CEN\/ECN-EQUIPE ENF CIRURGIA GERAL<br \/>Adicional: INSALUBRIDADE<br \/>Grau: M\u00c9DIO<br \/>In\u00edcio Concess\u00e3o: 01\/12\/2020\n<\/p>\n","protected":false},"author":50,"featured_media":0,"comment_status":"closed","ping_status":"closed","sticky":false,"template":"","format":"standard","meta":{"_acf_changed":false,"iawp_total_views":0,"footnotes":""},"categories":[116],"tags":[139],"class_list":["post-62051","post","type-post","status-publish","format-standard","hentry","category-progepe","tag-adicional"],"acf":[],"_links":{"self":[{"href":"https:\/\/progepe.ufpr.br\/portarias\/wp-json\/wp\/v2\/posts\/62051","targetHints":{"allow":["GET"]}}],"collection":[{"href":"https:\/\/progepe.ufpr.br\/portarias\/wp-json\/wp\/v2\/posts"}],"about":[{"href":"https:\/\/progepe.ufpr.br\/portarias\/wp-json\/wp\/v2\/types\/post"}],"author":[{"embeddable":true,"href":"https:\/\/progepe.ufpr.br\/portarias\/wp-json\/wp\/v2\/users\/50"}],"replies":[{"embeddable":true,"href":"https:\/\/progepe.ufpr.br\/portarias\/wp-json\/wp\/v2\/comments?post=62051"}],"version-history":[{"count":6,"href":"https:\/\/progepe.ufpr.br\/portarias\/wp-json\/wp\/v2\/posts\/62051\/revisions"}],"predecessor-version":[{"id":179311,"href":"https:\/\/progepe.ufpr.br\/portarias\/wp-json\/wp\/v2\/posts\/62051\/revisions\/179311"}],"wp:attachment":[{"href":"https:\/\/progepe.ufpr.br\/portarias\/wp-json\/wp\/v2\/media?parent=62051"}],"wp:term":[{"taxonomy":"category","embeddable":true,"href":"https:\/\/progepe.ufpr.br\/portarias\/wp-json\/wp\/v2\/categories?post=62051"},{"taxonomy":"post_tag","embeddable":true,"href":"https:\/\/progepe.ufpr.br\/portarias\/wp-json\/wp\/v2\/tags?post=62051"}],"curies":[{"name":"wp","href":"https:\/\/api.w.org\/{rel}","templated":true}]}}