{"id":62061,"date":"2020-12-07T10:15:00","date_gmt":"2020-12-07T13:15:00","guid":{"rendered":"http:\/\/progepe.ufpr.br\/portal\/?post_type=portarias&#038;p=62061"},"modified":"2023-08-03T12:59:51","modified_gmt":"2023-08-03T15:59:51","slug":"progepe-2020-03467","status":"publish","type":"post","link":"https:\/\/progepe.ufpr.br\/portarias\/progepe-2020-03467\/","title":{"rendered":"PORTARIA N\u00ba 03467\/PROGEPE, DE 07 DE DEZEMBRO DE 2020"},"content":{"rendered":"\n<p><strong>O Pr\u00f3-Reitor de Gest\u00e3o de Pessoas da Universidade Federal do Paran\u00e1, <\/strong>no  uso de suas atribui\u00e7\u00f5es, tendo em vista a compet\u00eancia que lhe \u00e9  conferida pela Portaria n\u00ba 2.590, de 26 de setembro de 1997, de acordo  com o Art. 10, \u00a7 1\u00ba e 4\u00ba da Lei n\u00ba 11.091\/05; Art. 4\u00ba \u00a7 1\u00ba do Decreto n\u00ba  5.824\/06; Portaria MEC 09\/06; Portaria MEC 39\/11; Parecer MEC  50151\/2015\/DCC\/COLEP\/CGGP\/SAA; Portaria n\u00ba 18.908\/PROGEPE, de  16.08.2016; e, ainda o contido no processo n\u00ba 23075.059627\/2020-51, <\/p>\n\n\n\n<p>RESOLVE:<\/p>\n\n\n\n<p>I. Conceder progress\u00e3o por capacita\u00e7\u00e3o \nprofissional \u00e0 servidora MARIANA DE SANTANA LOURENCO \u2013 3119811, ocupante\n do cargo Assistente em Administra\u00e7\u00e3o, lotada na Unidade de Recrutamento\n de Pessoas da Pr\u00f3-Reitoria de Gest\u00e3o de Pessoas, do n\u00edvel D-01 para o \nn\u00edvel D-02, padr\u00e3o de Vencimento 02, a partir de 30 de outubro de 2020, \nconforme Parecer da Unidade de An\u00e1lise de T\u00edtulos (3160285), no processo\n n\u00ba 23075.059627\/2020-51.<\/p>\n\n\n\n<p>II. A citada servidora acumula para a pr\u00f3xima progress\u00e3o por capacita\u00e7\u00e3o 100 h (cem horas).<\/p>\n\n\n\n<p style=\"text-align:right\"><strong>DOUGLAS ORTIZ HAMERMULLER<\/strong><\/p>\n","protected":false},"excerpt":{"rendered":"<p>I. Conceder progress\u00e3o por capacita\u00e7\u00e3o profissional \u00e0 servidora MARIANA DE SANTANA LOURENCO \u2013 3119811, ocupante do cargo Assistente em Administra\u00e7\u00e3o, lotada na Unidade de Recrutamento de Pessoas da Pr\u00f3-Reitoria de Gest\u00e3o de Pessoas, do n\u00edvel D-01 para o n\u00edvel D-02, padr\u00e3o de Vencimento 02, a partir de 30 de outubro de 2020, conforme Parecer da Unidade de An\u00e1lise de T\u00edtulos (3160285), no processo n\u00ba 23075.059627\/2020-51.  II. A citada servidora acumula para a pr\u00f3xima progress\u00e3o por capacita\u00e7\u00e3o 100 h (cem horas).  <!-- wp:paragraph {\"align\":\"right\"} \n\n<p style=\"text-align:right\"><strong>DOUGLAS ORTIZ HAMERMULLER<\/strong>\n<\/p>\n","protected":false},"author":48,"featured_media":0,"comment_status":"closed","ping_status":"closed","sticky":false,"template":"","format":"standard","meta":{"_acf_changed":false,"iawp_total_views":0,"footnotes":""},"categories":[116],"tags":[143],"class_list":["post-62061","post","type-post","status-publish","format-standard","hentry","category-progepe","tag-progressao-promocao"],"acf":[],"_links":{"self":[{"href":"https:\/\/progepe.ufpr.br\/portarias\/wp-json\/wp\/v2\/posts\/62061","targetHints":{"allow":["GET"]}}],"collection":[{"href":"https:\/\/progepe.ufpr.br\/portarias\/wp-json\/wp\/v2\/posts"}],"about":[{"href":"https:\/\/progepe.ufpr.br\/portarias\/wp-json\/wp\/v2\/types\/post"}],"author":[{"embeddable":true,"href":"https:\/\/progepe.ufpr.br\/portarias\/wp-json\/wp\/v2\/users\/48"}],"replies":[{"embeddable":true,"href":"https:\/\/progepe.ufpr.br\/portarias\/wp-json\/wp\/v2\/comments?post=62061"}],"version-history":[{"count":1,"href":"https:\/\/progepe.ufpr.br\/portarias\/wp-json\/wp\/v2\/posts\/62061\/revisions"}],"predecessor-version":[{"id":196604,"href":"https:\/\/progepe.ufpr.br\/portarias\/wp-json\/wp\/v2\/posts\/62061\/revisions\/196604"}],"wp:attachment":[{"href":"https:\/\/progepe.ufpr.br\/portarias\/wp-json\/wp\/v2\/media?parent=62061"}],"wp:term":[{"taxonomy":"category","embeddable":true,"href":"https:\/\/progepe.ufpr.br\/portarias\/wp-json\/wp\/v2\/categories?post=62061"},{"taxonomy":"post_tag","embeddable":true,"href":"https:\/\/progepe.ufpr.br\/portarias\/wp-json\/wp\/v2\/tags?post=62061"}],"curies":[{"name":"wp","href":"https:\/\/api.w.org\/{rel}","templated":true}]}}