{"id":62127,"date":"2020-12-07T10:09:00","date_gmt":"2020-12-07T13:09:00","guid":{"rendered":"http:\/\/progepe.ufpr.br\/portal\/?post_type=portarias&#038;p=62127"},"modified":"2023-08-03T12:59:50","modified_gmt":"2023-08-03T15:59:50","slug":"progepe-2020-03461","status":"publish","type":"post","link":"https:\/\/progepe.ufpr.br\/portarias\/progepe-2020-03461\/","title":{"rendered":"PORTARIA N\u00ba 03461\/PROGEPE, DE 07 DE DEZEMBRO DE 2020"},"content":{"rendered":"\n<p><strong>O\nPr\u00f3-Reitor de Gest\u00e3o de Pessoas da Universidade Federal do Paran\u00e1<\/strong>,\nno uso de suas atribui\u00e7\u00f5es, que lhe\nconfere ato normativo Portaria n. 2.590\/REITORIA, de 26 de setembro de 1997 e\nconsiderando o disposto em ATO DE CONCESS\u00c3O n\u00ba 146 de 18\/05\/2018,<\/p>\n\n\n\n<p>RESOLVE:<\/p>\n\n\n\n<p>Conceder o\nadicional ocupacional, conforme listado, tendo em vista: a) Processo:\n23075.065890\/2020-89; e, b) Parecer T\u00e9cnico: 267\/2020-UST.<\/p>\n\n\n\n<p>Servidor: ASSUAN\nDJAMILA IBRAHIM MOGHARBEL. Cargo: NUTRICIONISTA-HABILITACAO.\nLota\u00e7\u00e3o: 771 &#8211; MATERNIDADE\nVICTOR FERREIRA DO AMARAL. Adicional: INSALUBRIDADE GRAU M\u00c9DIO. In\u00edcio da\nConcess\u00e3o: 01\/12\/2020.<\/p>\n\n\n\n<p class=\"has-text-align-right\"><\/p>\n","protected":false},"excerpt":{"rendered":"<p>Conceder o adicional ocupacional, conforme listado, tendo em vista: a) Processo: 23075.065890\/2020-89; e, b) Parecer T\u00e9cnico: 267\/2020-UST.  Servidor: ASSUAN DJAMILA IBRAHIM MOGHARBEL. Cargo: NUTRICIONISTA-HABILITACAO. Lota\u00e7\u00e3o: 771 &#8211; MATERNIDADE VICTOR FERREIRA DO AMARAL. Adicional: INSALUBRIDADE GRAU M\u00c9DIO. In\u00edcio da Concess\u00e3o: 01\/12\/2020.  <!-- wp:paragraph {\"align\":\"right\"} \n\n<p class=\"has-text-align-right\">\n<\/p>\n","protected":false},"author":49,"featured_media":0,"comment_status":"closed","ping_status":"closed","sticky":false,"template":"","format":"standard","meta":{"_acf_changed":false,"iawp_total_views":0,"footnotes":""},"categories":[116],"tags":[139],"class_list":["post-62127","post","type-post","status-publish","format-standard","hentry","category-progepe","tag-adicional"],"acf":[],"_links":{"self":[{"href":"https:\/\/progepe.ufpr.br\/portarias\/wp-json\/wp\/v2\/posts\/62127","targetHints":{"allow":["GET"]}}],"collection":[{"href":"https:\/\/progepe.ufpr.br\/portarias\/wp-json\/wp\/v2\/posts"}],"about":[{"href":"https:\/\/progepe.ufpr.br\/portarias\/wp-json\/wp\/v2\/types\/post"}],"author":[{"embeddable":true,"href":"https:\/\/progepe.ufpr.br\/portarias\/wp-json\/wp\/v2\/users\/49"}],"replies":[{"embeddable":true,"href":"https:\/\/progepe.ufpr.br\/portarias\/wp-json\/wp\/v2\/comments?post=62127"}],"version-history":[{"count":2,"href":"https:\/\/progepe.ufpr.br\/portarias\/wp-json\/wp\/v2\/posts\/62127\/revisions"}],"predecessor-version":[{"id":184536,"href":"https:\/\/progepe.ufpr.br\/portarias\/wp-json\/wp\/v2\/posts\/62127\/revisions\/184536"}],"wp:attachment":[{"href":"https:\/\/progepe.ufpr.br\/portarias\/wp-json\/wp\/v2\/media?parent=62127"}],"wp:term":[{"taxonomy":"category","embeddable":true,"href":"https:\/\/progepe.ufpr.br\/portarias\/wp-json\/wp\/v2\/categories?post=62127"},{"taxonomy":"post_tag","embeddable":true,"href":"https:\/\/progepe.ufpr.br\/portarias\/wp-json\/wp\/v2\/tags?post=62127"}],"curies":[{"name":"wp","href":"https:\/\/api.w.org\/{rel}","templated":true}]}}