{"id":62146,"date":"2020-12-07T10:28:00","date_gmt":"2020-12-07T13:28:00","guid":{"rendered":"http:\/\/progepe.ufpr.br\/portal\/?post_type=portarias&#038;p=62146"},"modified":"2023-08-03T12:59:53","modified_gmt":"2023-08-03T15:59:53","slug":"progepe-2020-03480","status":"publish","type":"post","link":"https:\/\/progepe.ufpr.br\/portarias\/progepe-2020-03480\/","title":{"rendered":"PORTARIA N\u00ba 03480\/PROGEPE, DE 07 DE DEZEMBRO DE 2020"},"content":{"rendered":"\n<p><strong>O\nPr\u00f3-Reitor de Gest\u00e3o de Pessoas da Universidade Federal do Paran\u00e1<\/strong>,\nno uso de suas atribui\u00e7\u00f5es, que lhe\nconfere ato normativo Portaria n. 2.590\/REITORIA, de 26 de setembro de 1997 e\nconsiderando o disposto em ATO DE CONCESS\u00c3O n\u00ba 65 de 07\/12\/2017,<\/p>\n\n\n\n<p>RESOLVE:<\/p>\n\n\n\n<p>Conceder o\nadicional ocupacional, conforme listado, tendo em vista: a) Processo:\n23075.066806\/2020-44; e, b) Parecer T\u00e9cnico: 284\/2020-UST.<\/p>\n\n\n\n<p>Servidor: RAQUEL\nBONETTI DA SILVA. Cargo: TECNICO\nEM ENFERMAGEM. Lota\u00e7\u00e3o: 429\n&#8211; HC\/DAS\/CEN\/ECN-EQUIPE ENF CIRURGIA GERAL. Adicional: INSALUBRIDADE GRAU M\u00c9DIO. In\u00edcio da\nConcess\u00e3o: 01\/12\/2020.<\/p>\n\n\n\n<p class=\"has-text-align-right\"><\/p>\n","protected":false},"excerpt":{"rendered":"<p>Conceder o adicional ocupacional, conforme listado, tendo em vista: a) Processo: 23075.066806\/2020-44; e, b) Parecer T\u00e9cnico: 284\/2020-UST.  Servidor: RAQUEL BONETTI DA SILVA. Cargo: TECNICO EM ENFERMAGEM. Lota\u00e7\u00e3o: 429 &#8211; HC\/DAS\/CEN\/ECN-EQUIPE ENF CIRURGIA GERAL. Adicional: INSALUBRIDADE GRAU M\u00c9DIO. In\u00edcio da Concess\u00e3o: 01\/12\/2020.  <!-- wp:paragraph {\"align\":\"right\"} \n\n<p class=\"has-text-align-right\">\n<\/p>\n","protected":false},"author":49,"featured_media":0,"comment_status":"closed","ping_status":"closed","sticky":false,"template":"","format":"standard","meta":{"_acf_changed":false,"iawp_total_views":0,"footnotes":""},"categories":[116],"tags":[139],"class_list":["post-62146","post","type-post","status-publish","format-standard","hentry","category-progepe","tag-adicional"],"acf":[],"_links":{"self":[{"href":"https:\/\/progepe.ufpr.br\/portarias\/wp-json\/wp\/v2\/posts\/62146","targetHints":{"allow":["GET"]}}],"collection":[{"href":"https:\/\/progepe.ufpr.br\/portarias\/wp-json\/wp\/v2\/posts"}],"about":[{"href":"https:\/\/progepe.ufpr.br\/portarias\/wp-json\/wp\/v2\/types\/post"}],"author":[{"embeddable":true,"href":"https:\/\/progepe.ufpr.br\/portarias\/wp-json\/wp\/v2\/users\/49"}],"replies":[{"embeddable":true,"href":"https:\/\/progepe.ufpr.br\/portarias\/wp-json\/wp\/v2\/comments?post=62146"}],"version-history":[{"count":2,"href":"https:\/\/progepe.ufpr.br\/portarias\/wp-json\/wp\/v2\/posts\/62146\/revisions"}],"predecessor-version":[{"id":184551,"href":"https:\/\/progepe.ufpr.br\/portarias\/wp-json\/wp\/v2\/posts\/62146\/revisions\/184551"}],"wp:attachment":[{"href":"https:\/\/progepe.ufpr.br\/portarias\/wp-json\/wp\/v2\/media?parent=62146"}],"wp:term":[{"taxonomy":"category","embeddable":true,"href":"https:\/\/progepe.ufpr.br\/portarias\/wp-json\/wp\/v2\/categories?post=62146"},{"taxonomy":"post_tag","embeddable":true,"href":"https:\/\/progepe.ufpr.br\/portarias\/wp-json\/wp\/v2\/tags?post=62146"}],"curies":[{"name":"wp","href":"https:\/\/api.w.org\/{rel}","templated":true}]}}