{"id":62285,"date":"2020-12-07T05:10:00","date_gmt":"2020-12-07T08:10:00","guid":{"rendered":"http:\/\/progepe.ufpr.br\/portal\/?post_type=portarias&#038;p=62285"},"modified":"2023-08-03T13:20:57","modified_gmt":"2023-08-03T16:20:57","slug":"rt-2020-01600","status":"publish","type":"post","link":"https:\/\/progepe.ufpr.br\/portarias\/rt-2020-01600\/","title":{"rendered":"PORTARIA N\u00ba 01600\/REITORIA, DE 07 DE DEZEMBRO DE 2020"},"content":{"rendered":"\n<p><strong>O\nReitor da Universidade Federal do Paran\u00e1, <\/strong>no uso de suas atribui\u00e7\u00f5es,\nconsiderando o constante no Art. 91 da Lei n\u00ba 8.112\/90; Portaria n\u00ba 35, de 01\nde mar\u00e7o de 2016, da Secretaria de Gest\u00e3o de Pessoas e Rela\u00e7\u00f5es do Trabalho no\nServi\u00e7o P\u00fablico; e, o que consta no processo n\u00ba 23075.060410\/2020-93,<\/p>\n\n\n\n<p>RESOLVE:<\/p>\n\n\n\n<p>Autorizar,\na partir de 31 de janeiro de 2021 a 30 de janeiro de 2024, a prorroga\u00e7\u00e3o da\nlicen\u00e7a para tratar de interesses particulares, sem remunera\u00e7\u00e3o, da servidora RAQUEL\nANGELIN SAGGIORATTO &#8211; 1547495, ocupante do cargo de T\u00e9cnica em\nEnfermagem, com lota\u00e7\u00e3o tempor\u00e1ria na Coordenadoria de Planejamento de Pessoal\nda Pr\u00f3-Reitoria de Gest\u00e3o de Pessoas.<\/p>\n\n\n\n<p style=\"text-align:right\">Ricardo Marcelo Fonseca<\/p>\n","protected":false},"excerpt":{"rendered":"<p>Autorizar, a partir de 31 de janeiro de 2021 a 30 de janeiro de 2024, a prorroga\u00e7\u00e3o da licen\u00e7a para tratar de interesses particulares, sem remunera\u00e7\u00e3o, da servidora RAQUEL ANGELIN SAGGIORATTO &#8211; 1547495, ocupante do cargo de T\u00e9cnica em Enfermagem, com lota\u00e7\u00e3o tempor\u00e1ria na Coordenadoria de Planejamento de Pessoal da Pr\u00f3-Reitoria de Gest\u00e3o de Pessoas.  <!-- wp:paragraph {\"align\":\"right\"} \n\n<p style=\"text-align:right\">Ricardo Marcelo Fonseca\n<\/p>\n","protected":false},"author":49,"featured_media":0,"comment_status":"closed","ping_status":"closed","sticky":false,"template":"","format":"standard","meta":{"_acf_changed":false,"iawp_total_views":1,"footnotes":""},"categories":[117],"tags":[123],"class_list":["post-62285","post","type-post","status-publish","format-standard","hentry","category-rt","tag-afastamento-licenca"],"acf":[],"_links":{"self":[{"href":"https:\/\/progepe.ufpr.br\/portarias\/wp-json\/wp\/v2\/posts\/62285","targetHints":{"allow":["GET"]}}],"collection":[{"href":"https:\/\/progepe.ufpr.br\/portarias\/wp-json\/wp\/v2\/posts"}],"about":[{"href":"https:\/\/progepe.ufpr.br\/portarias\/wp-json\/wp\/v2\/types\/post"}],"author":[{"embeddable":true,"href":"https:\/\/progepe.ufpr.br\/portarias\/wp-json\/wp\/v2\/users\/49"}],"replies":[{"embeddable":true,"href":"https:\/\/progepe.ufpr.br\/portarias\/wp-json\/wp\/v2\/comments?post=62285"}],"version-history":[{"count":1,"href":"https:\/\/progepe.ufpr.br\/portarias\/wp-json\/wp\/v2\/posts\/62285\/revisions"}],"predecessor-version":[{"id":196609,"href":"https:\/\/progepe.ufpr.br\/portarias\/wp-json\/wp\/v2\/posts\/62285\/revisions\/196609"}],"wp:attachment":[{"href":"https:\/\/progepe.ufpr.br\/portarias\/wp-json\/wp\/v2\/media?parent=62285"}],"wp:term":[{"taxonomy":"category","embeddable":true,"href":"https:\/\/progepe.ufpr.br\/portarias\/wp-json\/wp\/v2\/categories?post=62285"},{"taxonomy":"post_tag","embeddable":true,"href":"https:\/\/progepe.ufpr.br\/portarias\/wp-json\/wp\/v2\/tags?post=62285"}],"curies":[{"name":"wp","href":"https:\/\/api.w.org\/{rel}","templated":true}]}}