{"id":62294,"date":"2020-12-07T10:06:00","date_gmt":"2020-12-07T13:06:00","guid":{"rendered":"http:\/\/progepe.ufpr.br\/portal\/?post_type=portarias&#038;p=62294"},"modified":"2023-08-03T12:59:50","modified_gmt":"2023-08-03T15:59:50","slug":"progepe-2020-03458","status":"publish","type":"post","link":"https:\/\/progepe.ufpr.br\/portarias\/progepe-2020-03458\/","title":{"rendered":"PORTARIA N\u00ba 03458\/PROGEPE, DE 07 DE DEZEMBRO DE 2020"},"content":{"rendered":"\n<p><strong>O Pr\u00f3-Reitor de Gest\u00e3o de Pessoas da Universidade Federal do Paran\u00e1,&nbsp;<\/strong>no  uso de suas atribui\u00e7\u00f5es, tendo em vista a compet\u00eancia que lhe \u00e9  conferida pela Portaria n\u00ba 2.590, de 26 de setembro de 1997 e  considerando o que consta no processo n\u00ba 23075.086936\/2019-60; <\/p>\n\n\n\n<p>RESOLVE:<\/p>\n\n\n\n<p>Retificar a Portaria n\u00ba 3081\/PROGEPE, de 28\n de outubro de 2020, publicada no DOU n\u00ba 209 de 03 de novembro de 2020, \nse\u00e7\u00e3o 2, p\u00e1gina 31, que concedeu&nbsp;Aposentadoria Volunt\u00e1ria por Tempo de \nContribui\u00e7\u00e3o, \u00e0 servidora SANDRA MARIA FERNANDES &#8211; 0340774:<\/p>\n\n\n\n<p>Onde se l\u00ea:&#8230;mais 6\/10 (seis d\u00e9cimos), da fun\u00e7\u00e3o gratificada, c\u00f3digo FG-4&#8230;<\/p>\n\n\n\n<p>Leia-se:&#8230;mais 6\/10 (seis d\u00e9cimos), da fun\u00e7\u00e3o gratificada, c\u00f3digo FG-6&#8230;<\/p>\n\n\n\n<p class=\"has-text-align-right\"><\/p>\n","protected":false},"excerpt":{"rendered":"<p>Retificar a Portaria n\u00ba 3081\/PROGEPE, de 28 de outubro de 2020, publicada no DOU n\u00ba 209 de 03 de novembro de 2020, se\u00e7\u00e3o 2, p\u00e1gina 31, que concedeu&nbsp;Aposentadoria Volunt\u00e1ria por Tempo de Contribui\u00e7\u00e3o, \u00e0 servidora SANDRA MARIA FERNANDES &#8211; 0340774:  Onde se l\u00ea:&#8230;mais 6\/10 (seis d\u00e9cimos), da fun\u00e7\u00e3o gratificada, c\u00f3digo FG-4&#8230;  Leia-se:&#8230;mais 6\/10 (seis d\u00e9cimos), da fun\u00e7\u00e3o gratificada, c\u00f3digo FG-6&#8230;  <!-- wp:paragraph {\"align\":\"right\"} \n\n<p class=\"has-text-align-right\">\n<\/p>\n","protected":false},"author":48,"featured_media":0,"comment_status":"closed","ping_status":"closed","sticky":false,"template":"","format":"standard","meta":{"_acf_changed":false,"iawp_total_views":0,"footnotes":""},"categories":[116],"tags":[125],"class_list":["post-62294","post","type-post","status-publish","format-standard","hentry","category-progepe","tag-aposentadoria"],"acf":[],"_links":{"self":[{"href":"https:\/\/progepe.ufpr.br\/portarias\/wp-json\/wp\/v2\/posts\/62294","targetHints":{"allow":["GET"]}}],"collection":[{"href":"https:\/\/progepe.ufpr.br\/portarias\/wp-json\/wp\/v2\/posts"}],"about":[{"href":"https:\/\/progepe.ufpr.br\/portarias\/wp-json\/wp\/v2\/types\/post"}],"author":[{"embeddable":true,"href":"https:\/\/progepe.ufpr.br\/portarias\/wp-json\/wp\/v2\/users\/48"}],"replies":[{"embeddable":true,"href":"https:\/\/progepe.ufpr.br\/portarias\/wp-json\/wp\/v2\/comments?post=62294"}],"version-history":[{"count":2,"href":"https:\/\/progepe.ufpr.br\/portarias\/wp-json\/wp\/v2\/posts\/62294\/revisions"}],"predecessor-version":[{"id":184572,"href":"https:\/\/progepe.ufpr.br\/portarias\/wp-json\/wp\/v2\/posts\/62294\/revisions\/184572"}],"wp:attachment":[{"href":"https:\/\/progepe.ufpr.br\/portarias\/wp-json\/wp\/v2\/media?parent=62294"}],"wp:term":[{"taxonomy":"category","embeddable":true,"href":"https:\/\/progepe.ufpr.br\/portarias\/wp-json\/wp\/v2\/categories?post=62294"},{"taxonomy":"post_tag","embeddable":true,"href":"https:\/\/progepe.ufpr.br\/portarias\/wp-json\/wp\/v2\/tags?post=62294"}],"curies":[{"name":"wp","href":"https:\/\/api.w.org\/{rel}","templated":true}]}}