{"id":62613,"date":"2020-12-09T05:08:00","date_gmt":"2020-12-09T08:08:00","guid":{"rendered":"http:\/\/progepe.ufpr.br\/portal\/?post_type=portarias&#038;p=62613"},"modified":"2023-08-03T13:20:59","modified_gmt":"2023-08-03T16:20:59","slug":"rt-2020-01613","status":"publish","type":"post","link":"https:\/\/progepe.ufpr.br\/portarias\/rt-2020-01613\/","title":{"rendered":"PORTARIA N\u00ba 01613\/REITORIA, DE 09 DE DEZEMBRO DE 2020"},"content":{"rendered":"\n<p><strong>O\nReitor da Universidade Federal do Paran\u00e1, <\/strong>no uso de suas atribui\u00e7\u00f5es e tendo em vista o que consta no processo n\u00ba\n23075.059954\/2020-11,<\/p>\n\n\n\n<p>RESOLVE:<\/p>\n\n\n\n<p>Conceder, considerando o disposto no Art. 91 da Lei n\u00ba 8.112\/90, licen\u00e7a\npara tratar de interesses particulares, sem remunera\u00e7\u00e3o, no per\u00edodo de 10 de\ndezembro de 2020 a 10 de junho de 2021, \u00e0 servidora ANA PAULA EUCLIDES\nGALERANI LOPES &#8211; 2153429, ocupante do cargo de M\u00e9dica &#8211;\n\u00c1rea, lotada no Servi\u00e7o de Radioterapia do Hospital de Cl\u00ednicas.<\/p>\n\n\n\n<p style=\"text-align:right\">Ricardo Marcelo\nFonseca<\/p>\n","protected":false},"excerpt":{"rendered":"<p>Conceder, considerando o disposto no Art. 91 da Lei n\u00ba 8.112\/90, licen\u00e7a para tratar de interesses particulares, sem remunera\u00e7\u00e3o, no per\u00edodo de 10 de dezembro de 2020 a 10 de junho de 2021, \u00e0 servidora ANA PAULA EUCLIDES GALERANI LOPES &#8211; 2153429, ocupante do cargo de M\u00e9dica &#8211; \u00c1rea, lotada no Servi\u00e7o de Radioterapia do Hospital de Cl\u00ednicas.  <!-- wp:paragraph {\"align\":\"right\"} \n\n<p style=\"text-align:right\">Ricardo Marcelo Fonseca\n<\/p>\n","protected":false},"author":49,"featured_media":0,"comment_status":"closed","ping_status":"closed","sticky":false,"template":"","format":"standard","meta":{"_acf_changed":false,"iawp_total_views":0,"footnotes":""},"categories":[117],"tags":[123],"class_list":["post-62613","post","type-post","status-publish","format-standard","hentry","category-rt","tag-afastamento-licenca"],"acf":[],"_links":{"self":[{"href":"https:\/\/progepe.ufpr.br\/portarias\/wp-json\/wp\/v2\/posts\/62613","targetHints":{"allow":["GET"]}}],"collection":[{"href":"https:\/\/progepe.ufpr.br\/portarias\/wp-json\/wp\/v2\/posts"}],"about":[{"href":"https:\/\/progepe.ufpr.br\/portarias\/wp-json\/wp\/v2\/types\/post"}],"author":[{"embeddable":true,"href":"https:\/\/progepe.ufpr.br\/portarias\/wp-json\/wp\/v2\/users\/49"}],"replies":[{"embeddable":true,"href":"https:\/\/progepe.ufpr.br\/portarias\/wp-json\/wp\/v2\/comments?post=62613"}],"version-history":[{"count":1,"href":"https:\/\/progepe.ufpr.br\/portarias\/wp-json\/wp\/v2\/posts\/62613\/revisions"}],"predecessor-version":[{"id":196628,"href":"https:\/\/progepe.ufpr.br\/portarias\/wp-json\/wp\/v2\/posts\/62613\/revisions\/196628"}],"wp:attachment":[{"href":"https:\/\/progepe.ufpr.br\/portarias\/wp-json\/wp\/v2\/media?parent=62613"}],"wp:term":[{"taxonomy":"category","embeddable":true,"href":"https:\/\/progepe.ufpr.br\/portarias\/wp-json\/wp\/v2\/categories?post=62613"},{"taxonomy":"post_tag","embeddable":true,"href":"https:\/\/progepe.ufpr.br\/portarias\/wp-json\/wp\/v2\/tags?post=62613"}],"curies":[{"name":"wp","href":"https:\/\/api.w.org\/{rel}","templated":true}]}}