{"id":62696,"date":"2020-12-09T05:06:00","date_gmt":"2020-12-09T08:06:00","guid":{"rendered":"http:\/\/progepe.ufpr.br\/portal\/?post_type=portarias&#038;p=62696"},"modified":"2023-08-03T13:20:59","modified_gmt":"2023-08-03T16:20:59","slug":"rt-2020-01611","status":"publish","type":"post","link":"https:\/\/progepe.ufpr.br\/portarias\/rt-2020-01611\/","title":{"rendered":"PORTARIA N\u00ba 01611\/REITORIA, DE 09 DE DEZEMBRO DE 2020"},"content":{"rendered":"\n<p><strong>O Reitor da Universidade Federal do Paran\u00e1, <\/strong>no uso de suas atribui\u00e7\u00f5es considerando o que consta no artigo 9\u00ba, inciso II da Lei n\u00ba 8.112\/90 e tendo em vista o que consta no processo n\u00ba 23075.023060\/2020-84, <\/p>\n\n\n\n<p>RESOLVE: <\/p>\n\n\n\n<p>I.&nbsp;Nomear, a partir da data de publica\u00e7\u00e3o em\nDOU desta Portaria, a servidora EMILIA KINOSHITA &#8211; 342229, ocupante do cargo de\nContadora, lotada&nbsp;&nbsp;na Se\u00e7\u00e3o de Controle Or\u00e7ament\u00e1rio da Coordenadoria\nde Programa\u00e7\u00e3o e Controle Or\u00e7ament\u00e1rio&nbsp;da Pr\u00f3-Reitoria de Planejamento,\nOr\u00e7amento e Finan\u00e7as, no regime de trabalho de 40 (quarenta) horas semanais,\npara exercer a fun\u00e7\u00e3o gratificada de Chefe da Se\u00e7\u00e3o de Controle Or\u00e7ament\u00e1rio,\nFG-03, da Coordenadoria de Programa\u00e7\u00e3o e Controle Or\u00e7ament\u00e1rio da Pr\u00f3-Reitoria\nde Planejamento, Or\u00e7amento e Finan\u00e7as, autorizada pela Medida Provis\u00f3ria n\u00ba\n1.534\/96, regulamentada pela Portaria Interministerial n\u00ba 1.407\/96-MEC\/MARE.<\/p>\n\n\n\n<p>II.&nbsp;A mencionada servidora&nbsp;cumprir\u00e1,\nobrigatoriamente, o regime de trabalho de tempo integral, de acordo com o disposto\nno \u00a7 5\u00ba, artigo 1\u00ba da Lei n\u00ba 8.168\/91.<\/p>\n\n\n\n<p class=\"has-text-align-right\"><\/p>\n","protected":false},"excerpt":{"rendered":"<p>O Reitor da Universidade Federal do Paran\u00e1, no uso de suas atribui\u00e7\u00f5es considerando o que consta no artigo 9\u00ba, inciso II da Lei n\u00ba 8.112\/90 e tendo em vista o que consta no processo n\u00ba 23075.023060\/2020-84, RESOLVE: I.&nbsp;Nomear, a partir da data de publica\u00e7\u00e3o em DOU desta Portaria, a servidora EMILIA KINOSHITA &#8211; 342229, ocupante [&hellip;]<\/p>\n","protected":false},"author":50,"featured_media":0,"comment_status":"closed","ping_status":"closed","sticky":false,"template":"","format":"standard","meta":{"_acf_changed":false,"iawp_total_views":1,"footnotes":""},"categories":[117],"tags":[120],"class_list":["post-62696","post","type-post","status-publish","format-standard","hentry","category-rt","tag-funcao"],"acf":[],"_links":{"self":[{"href":"https:\/\/progepe.ufpr.br\/portarias\/wp-json\/wp\/v2\/posts\/62696","targetHints":{"allow":["GET"]}}],"collection":[{"href":"https:\/\/progepe.ufpr.br\/portarias\/wp-json\/wp\/v2\/posts"}],"about":[{"href":"https:\/\/progepe.ufpr.br\/portarias\/wp-json\/wp\/v2\/types\/post"}],"author":[{"embeddable":true,"href":"https:\/\/progepe.ufpr.br\/portarias\/wp-json\/wp\/v2\/users\/50"}],"replies":[{"embeddable":true,"href":"https:\/\/progepe.ufpr.br\/portarias\/wp-json\/wp\/v2\/comments?post=62696"}],"version-history":[{"count":2,"href":"https:\/\/progepe.ufpr.br\/portarias\/wp-json\/wp\/v2\/posts\/62696\/revisions"}],"predecessor-version":[{"id":186992,"href":"https:\/\/progepe.ufpr.br\/portarias\/wp-json\/wp\/v2\/posts\/62696\/revisions\/186992"}],"wp:attachment":[{"href":"https:\/\/progepe.ufpr.br\/portarias\/wp-json\/wp\/v2\/media?parent=62696"}],"wp:term":[{"taxonomy":"category","embeddable":true,"href":"https:\/\/progepe.ufpr.br\/portarias\/wp-json\/wp\/v2\/categories?post=62696"},{"taxonomy":"post_tag","embeddable":true,"href":"https:\/\/progepe.ufpr.br\/portarias\/wp-json\/wp\/v2\/tags?post=62696"}],"curies":[{"name":"wp","href":"https:\/\/api.w.org\/{rel}","templated":true}]}}