{"id":62917,"date":"2020-12-10T05:00:00","date_gmt":"2020-12-10T08:00:00","guid":{"rendered":"http:\/\/progepe.ufpr.br\/portal\/?post_type=portarias&#038;p=62917"},"modified":"2023-08-03T13:20:59","modified_gmt":"2023-08-03T16:20:59","slug":"rt-2020-01616","status":"publish","type":"post","link":"https:\/\/progepe.ufpr.br\/portarias\/rt-2020-01616\/","title":{"rendered":"PORTARIA N\u00ba 01616\/REITORIA, DE 10 DE DEZEMBRO DE 2020"},"content":{"rendered":"\n<p><strong>O Reitor da Universidade Federal do Paran\u00e1, <\/strong>no uso de suas atribui\u00e7\u00f5es e tendo em vista o que consta no processo n\u00ba 23075.025018\/2020-06, <\/p>\n\n\n\n<p>RESOLVE: <\/p>\n\n\n\n<p>Alterar a jornada de trabalho de 20 (vinte) horas\nsemanais, para 40 (quarenta) horas semanais, com remunera\u00e7\u00e3o proporcional, da\nservidora ANGELA CRISTINA DA FONSECA DE OLIVEIRA&nbsp;&#8211; 3133240, ocupante do\ncargo de M\u00e9dica Veterin\u00e1ria, lotada na Unidade de Apoio Administrativo do Setor\nde Ci\u00eancias Biol\u00f3gicas, a partir de 10 de dezembro de 2020, tendo em vista o\nque consta no processo 23075.025018\/2020-06.<\/p>\n\n\n\n<p style=\"text-align:right\">RICARDO MARCELO FONSECA<\/p>\n","protected":false},"excerpt":{"rendered":"<p>O Reitor da Universidade Federal do Paran\u00e1, no uso de suas atribui\u00e7\u00f5es e tendo em vista o que consta no processo n\u00ba 23075.025018\/2020-06, RESOLVE: Alterar a jornada de trabalho de 20 (vinte) horas semanais, para 40 (quarenta) horas semanais, com remunera\u00e7\u00e3o proporcional, da servidora ANGELA CRISTINA DA FONSECA DE OLIVEIRA&nbsp;&#8211; 3133240, ocupante do cargo de [&hellip;]<\/p>\n","protected":false},"author":50,"featured_media":0,"comment_status":"closed","ping_status":"closed","sticky":false,"template":"","format":"standard","meta":{"_acf_changed":false,"iawp_total_views":1,"footnotes":""},"categories":[117],"tags":[130],"class_list":["post-62917","post","type-post","status-publish","format-standard","hentry","category-rt","tag-regime-trabalho"],"acf":[],"_links":{"self":[{"href":"https:\/\/progepe.ufpr.br\/portarias\/wp-json\/wp\/v2\/posts\/62917","targetHints":{"allow":["GET"]}}],"collection":[{"href":"https:\/\/progepe.ufpr.br\/portarias\/wp-json\/wp\/v2\/posts"}],"about":[{"href":"https:\/\/progepe.ufpr.br\/portarias\/wp-json\/wp\/v2\/types\/post"}],"author":[{"embeddable":true,"href":"https:\/\/progepe.ufpr.br\/portarias\/wp-json\/wp\/v2\/users\/50"}],"replies":[{"embeddable":true,"href":"https:\/\/progepe.ufpr.br\/portarias\/wp-json\/wp\/v2\/comments?post=62917"}],"version-history":[{"count":1,"href":"https:\/\/progepe.ufpr.br\/portarias\/wp-json\/wp\/v2\/posts\/62917\/revisions"}],"predecessor-version":[{"id":196657,"href":"https:\/\/progepe.ufpr.br\/portarias\/wp-json\/wp\/v2\/posts\/62917\/revisions\/196657"}],"wp:attachment":[{"href":"https:\/\/progepe.ufpr.br\/portarias\/wp-json\/wp\/v2\/media?parent=62917"}],"wp:term":[{"taxonomy":"category","embeddable":true,"href":"https:\/\/progepe.ufpr.br\/portarias\/wp-json\/wp\/v2\/categories?post=62917"},{"taxonomy":"post_tag","embeddable":true,"href":"https:\/\/progepe.ufpr.br\/portarias\/wp-json\/wp\/v2\/tags?post=62917"}],"curies":[{"name":"wp","href":"https:\/\/api.w.org\/{rel}","templated":true}]}}