{"id":63178,"date":"2020-12-14T05:12:00","date_gmt":"2020-12-14T08:12:00","guid":{"rendered":"http:\/\/progepe.ufpr.br\/portal\/?post_type=portarias&#038;p=63178"},"modified":"2023-08-03T13:21:02","modified_gmt":"2023-08-03T16:21:02","slug":"rt-2020-01638","status":"publish","type":"post","link":"https:\/\/progepe.ufpr.br\/portarias\/rt-2020-01638\/","title":{"rendered":"PORTARIA N\u00ba 01638\/REITORIA, DE 14 DE DEZEMBRO DE 2020"},"content":{"rendered":"\n<p><strong>O Reitor da Universidade Federal do Paran\u00e1, <\/strong>no uso de suas atribui\u00e7\u00f5es e tendo em vista o que consta no processo n\u00ba 23075.056450\/2020-31, <\/p>\n\n\n\n<p>RESOLVE: <\/p>\n\n\n\n<p>Retificar a Portaria n\u00ba 1560\/REITORIA, de 30 de\nnovembro de 2020, publicada no&nbsp;&nbsp;Di\u00e1rio Oficial da\nUni\u00e3o&nbsp;n\u00ba&nbsp;238 de 14 de dezembro de 2020, se\u00e7\u00e3o 2, p\u00e1g. 24, referente \u00e0\nnomea\u00e7\u00e3o da servidora DEBORA BRAND &#8211; 1615633, na fun\u00e7\u00e3o&nbsp;de Coordenadora de\nCurso de Gradua\u00e7\u00e3o do Setor de Ci\u00eancias da Sa\u00fade, FCC \u2013 Fun\u00e7\u00e3o Comissionada de\nCoordena\u00e7\u00e3o de Curso (Curso de Farm\u00e1cia):<\/p>\n\n\n\n<p>Onde se l\u00ea:&nbsp; Nomear a servidora DEBORA BRAND &#8211;\n1615633, ocupante do cargo de Professora, no regime de trabalho de 40\n(quarenta) horas semanais,&#8230; .<\/p>\n\n\n\n<p>Leia-se: Nomear a servidora DEBORA BRAND &#8211; 1615633,\nocupante do cargo de Professora, no regime de trabalho de dedica\u00e7\u00e3o\nexclusiva,&#8230; .<\/p>\n\n\n\n<p class=\"has-text-align-right\"><\/p>\n","protected":false},"excerpt":{"rendered":"<p>O Reitor da Universidade Federal do Paran\u00e1, no uso de suas atribui\u00e7\u00f5es e tendo em vista o que consta no processo n\u00ba 23075.056450\/2020-31, RESOLVE: Retificar a Portaria n\u00ba 1560\/REITORIA, de 30 de novembro de 2020, publicada no&nbsp;&nbsp;Di\u00e1rio Oficial da Uni\u00e3o&nbsp;n\u00ba&nbsp;238 de 14 de dezembro de 2020, se\u00e7\u00e3o 2, p\u00e1g. 24, referente \u00e0 nomea\u00e7\u00e3o da servidora [&hellip;]<\/p>\n","protected":false},"author":50,"featured_media":0,"comment_status":"closed","ping_status":"closed","sticky":false,"template":"","format":"standard","meta":{"_acf_changed":false,"iawp_total_views":0,"footnotes":""},"categories":[117],"tags":[120],"class_list":["post-63178","post","type-post","status-publish","format-standard","hentry","category-rt","tag-funcao"],"acf":[],"_links":{"self":[{"href":"https:\/\/progepe.ufpr.br\/portarias\/wp-json\/wp\/v2\/posts\/63178","targetHints":{"allow":["GET"]}}],"collection":[{"href":"https:\/\/progepe.ufpr.br\/portarias\/wp-json\/wp\/v2\/posts"}],"about":[{"href":"https:\/\/progepe.ufpr.br\/portarias\/wp-json\/wp\/v2\/types\/post"}],"author":[{"embeddable":true,"href":"https:\/\/progepe.ufpr.br\/portarias\/wp-json\/wp\/v2\/users\/50"}],"replies":[{"embeddable":true,"href":"https:\/\/progepe.ufpr.br\/portarias\/wp-json\/wp\/v2\/comments?post=63178"}],"version-history":[{"count":2,"href":"https:\/\/progepe.ufpr.br\/portarias\/wp-json\/wp\/v2\/posts\/63178\/revisions"}],"predecessor-version":[{"id":187021,"href":"https:\/\/progepe.ufpr.br\/portarias\/wp-json\/wp\/v2\/posts\/63178\/revisions\/187021"}],"wp:attachment":[{"href":"https:\/\/progepe.ufpr.br\/portarias\/wp-json\/wp\/v2\/media?parent=63178"}],"wp:term":[{"taxonomy":"category","embeddable":true,"href":"https:\/\/progepe.ufpr.br\/portarias\/wp-json\/wp\/v2\/categories?post=63178"},{"taxonomy":"post_tag","embeddable":true,"href":"https:\/\/progepe.ufpr.br\/portarias\/wp-json\/wp\/v2\/tags?post=63178"}],"curies":[{"name":"wp","href":"https:\/\/api.w.org\/{rel}","templated":true}]}}