{"id":63181,"date":"2020-12-11T05:03:00","date_gmt":"2020-12-11T08:03:00","guid":{"rendered":"http:\/\/progepe.ufpr.br\/portal\/?post_type=portarias&#038;p=63181"},"modified":"2023-08-03T13:21:00","modified_gmt":"2023-08-03T16:21:00","slug":"rt-2020-01622","status":"publish","type":"post","link":"https:\/\/progepe.ufpr.br\/portarias\/rt-2020-01622\/","title":{"rendered":"PORTARIA N\u00ba 01622\/REITORIA, DE 11 DE DEZEMBRO DE 2020"},"content":{"rendered":"\n<p><strong>O\nReitor da Universidade Federal do Paran\u00e1, <\/strong>no uso de suas atribui\u00e7\u00f5es, tendo em vista a compet\u00eancia que lhe \u00e9\nconferida pela Portaria n\u00ba 1.427\/MEC, de 06 de agosto de 2019, publicada no DOU\nde 07.08.2019; o que consta no Art. 9\u00ba, inciso I da Lei n\u00ba 8.112\/90; Art. 1\u00ba \u00a7\n2\u00ba da Lei n\u00ba 12.772\/2012; Decreto n\u00ba 7.485, de 18.05.2011, publicado no DOU de\n19.05.2011, atualizado pelo Decreto n\u00ba 8.259, de 20.05.2014, publicado no DOU\nde 30.05.2014; Lei n\u00ba 12.772\/2012 e suas altera\u00e7\u00f5es; e ainda o que consta no\nprocesso n\u00ba 23075.066950\/2020-81,<\/p>\n\n\n\n<p>RESOLVE:<\/p>\n\n\n\n<p>I. Nomear\nem car\u00e1ter efetivo, NELSON LUIZ COSMO, habilitado em concurso p\u00fablico de provas\ne t\u00edtulos, homologado em 22.10.2019, para o cargo de Professor na carreira de Magist\u00e9rio\nSuperior, classe A, Adjunto A, n\u00edvel I, em regime de trabalho de 40 (quarenta)\nhoras semanais com dedica\u00e7\u00e3o exclusiva, na \u00e1rea de Ecologia e Conserva\u00e7\u00e3o da\nNatureza aplicados \u00e0 Engenharia Florestal, para o Departamento de Ci\u00eancias\nFlorestais do Setor de Ci\u00eancias Agr\u00e1rias, na vaga de c\u00f3digo n\u00ba 262192.<\/p>\n\n\n\n<p>II.\nConceder retribui\u00e7\u00e3o por titula\u00e7\u00e3o, de acordo com o Art. 16, Inciso II e Art.\n17 da Lei n\u00ba 12.772\/2012, a partir da data de exerc\u00edcio, tendo em vista possuir\no t\u00edtulo de Doutor em Engenharia Florestal.<\/p>\n\n\n\n<p style=\"text-align:right\">Ricardo\nMarcelo Fonseca<\/p>\n","protected":false},"excerpt":{"rendered":"<p>I. Nomear em car\u00e1ter efetivo, NELSON LUIZ COSMO, habilitado em concurso p\u00fablico de provas e t\u00edtulos, homologado em 22.10.2019, para o cargo de Professor na carreira de Magist\u00e9rio Superior, classe A, Adjunto A, n\u00edvel I, em regime de trabalho de 40 (quarenta) horas semanais com dedica\u00e7\u00e3o exclusiva, na \u00e1rea de Ecologia e Conserva\u00e7\u00e3o da Natureza aplicados \u00e0 Engenharia Florestal, para o Departamento de Ci\u00eancias Florestais do Setor de Ci\u00eancias Agr\u00e1rias, na vaga de c\u00f3digo n\u00ba 262192.  II. Conceder retribui\u00e7\u00e3o por titula\u00e7\u00e3o, de acordo com o Art. 16, Inciso II e Art. 17 da Lei n\u00ba 12.772\/2012, a<\/p>\n","protected":false},"author":49,"featured_media":0,"comment_status":"closed","ping_status":"closed","sticky":false,"template":"","format":"standard","meta":{"_acf_changed":false,"iawp_total_views":0,"footnotes":""},"categories":[117],"tags":[121],"class_list":["post-63181","post","type-post","status-publish","format-standard","hentry","category-rt","tag-nomeacao"],"acf":[],"_links":{"self":[{"href":"https:\/\/progepe.ufpr.br\/portarias\/wp-json\/wp\/v2\/posts\/63181","targetHints":{"allow":["GET"]}}],"collection":[{"href":"https:\/\/progepe.ufpr.br\/portarias\/wp-json\/wp\/v2\/posts"}],"about":[{"href":"https:\/\/progepe.ufpr.br\/portarias\/wp-json\/wp\/v2\/types\/post"}],"author":[{"embeddable":true,"href":"https:\/\/progepe.ufpr.br\/portarias\/wp-json\/wp\/v2\/users\/49"}],"replies":[{"embeddable":true,"href":"https:\/\/progepe.ufpr.br\/portarias\/wp-json\/wp\/v2\/comments?post=63181"}],"version-history":[{"count":1,"href":"https:\/\/progepe.ufpr.br\/portarias\/wp-json\/wp\/v2\/posts\/63181\/revisions"}],"predecessor-version":[{"id":196682,"href":"https:\/\/progepe.ufpr.br\/portarias\/wp-json\/wp\/v2\/posts\/63181\/revisions\/196682"}],"wp:attachment":[{"href":"https:\/\/progepe.ufpr.br\/portarias\/wp-json\/wp\/v2\/media?parent=63181"}],"wp:term":[{"taxonomy":"category","embeddable":true,"href":"https:\/\/progepe.ufpr.br\/portarias\/wp-json\/wp\/v2\/categories?post=63181"},{"taxonomy":"post_tag","embeddable":true,"href":"https:\/\/progepe.ufpr.br\/portarias\/wp-json\/wp\/v2\/tags?post=63181"}],"curies":[{"name":"wp","href":"https:\/\/api.w.org\/{rel}","templated":true}]}}