{"id":63592,"date":"2020-12-18T10:04:00","date_gmt":"2020-12-18T13:04:00","guid":{"rendered":"http:\/\/progepe.ufpr.br\/portal\/?post_type=portarias&#038;p=63592"},"modified":"2023-08-03T13:00:10","modified_gmt":"2023-08-03T16:00:10","slug":"progepe-2020-03612","status":"publish","type":"post","link":"https:\/\/progepe.ufpr.br\/portarias\/progepe-2020-03612\/","title":{"rendered":"PORTARIA N\u00ba 03612\/PROGEPE, DE 18 DE DEZEMBRO DE 2020"},"content":{"rendered":"\n<p><strong>O\nPr\u00f3-Reitor de Gest\u00e3o de Pessoas da Universidade Federal do Paran\u00e1,<\/strong> no uso de suas atribui\u00e7\u00f5es, tendo em vista a\ncompet\u00eancia que lhe \u00e9 conferida pela Portaria n\u00ba 2.590, de 26 de setembro de\n1997, considerando o que consta nas Leis n\u00ba 8.745\/93 e 9.849\/99 e de acordo com\na Resolu\u00e7\u00e3o n\u00ba 92\/2006-CEPE, e ainda o contido no processo n\u00ba 23075.083134\/2019-06,<\/p>\n\n\n\n<p>RESOLVE:<\/p>\n\n\n\n<p>I. Autorizar a\ncontrata\u00e7\u00e3o de ANA PAULA GEBERT DE OLIVEIRA FRANCO, como Professora Substituta,\ncom sal\u00e1rio correspondente \u00e0 classe A, Adjunto A, n\u00edvel I, no regime de\ntrabalho de 40 (quarenta) horas semanais, para o Departamento de Odontologia\nRestauradora do Setor de Ci\u00eancias da Sa\u00fade, a partir da assinatura do contrato,\nat\u00e9 28 de fevereiro de 2021.<\/p>\n\n\n\n<p>II.\nConceder retribui\u00e7\u00e3o por titula\u00e7\u00e3o, de acordo com o Art. 16, Inciso II e Art.\n17 da Lei n\u00ba 12.772\/2012, tendo em vista possuir o t\u00edtulo de Doutora em\nOdontologia.<\/p>\n\n\n\n<p style=\"text-align:right\">Douglas\nOrtiz Hamermuller<\/p>\n","protected":false},"excerpt":{"rendered":"<p>I. Autorizar a contrata\u00e7\u00e3o de ANA PAULA GEBERT DE OLIVEIRA FRANCO, como Professora Substituta, com sal\u00e1rio correspondente \u00e0 classe A, Adjunto A, n\u00edvel I, no regime de trabalho de 40 (quarenta) horas semanais, para o Departamento de Odontologia Restauradora do Setor de Ci\u00eancias da Sa\u00fade, a partir da assinatura do contrato, at\u00e9 28 de fevereiro de 2021.  II. Conceder retribui\u00e7\u00e3o por titula\u00e7\u00e3o, de acordo com o Art. 16, Inciso II e Art. 17 da Lei n\u00ba 12.772\/2012, tendo em vista possuir o t\u00edtulo de Doutora em Odontologia.  <!-- wp:paragraph {\"align\":\"right\"} \n\n<p style=\"text-align:right\">Douglas Ortiz Hamermuller\n<\/p>\n","protected":false},"author":49,"featured_media":0,"comment_status":"closed","ping_status":"closed","sticky":false,"template":"","format":"standard","meta":{"_acf_changed":false,"iawp_total_views":2,"footnotes":""},"categories":[116],"tags":[141],"class_list":["post-63592","post","type-post","status-publish","format-standard","hentry","category-progepe","tag-contratacao"],"acf":[],"_links":{"self":[{"href":"https:\/\/progepe.ufpr.br\/portarias\/wp-json\/wp\/v2\/posts\/63592","targetHints":{"allow":["GET"]}}],"collection":[{"href":"https:\/\/progepe.ufpr.br\/portarias\/wp-json\/wp\/v2\/posts"}],"about":[{"href":"https:\/\/progepe.ufpr.br\/portarias\/wp-json\/wp\/v2\/types\/post"}],"author":[{"embeddable":true,"href":"https:\/\/progepe.ufpr.br\/portarias\/wp-json\/wp\/v2\/users\/49"}],"replies":[{"embeddable":true,"href":"https:\/\/progepe.ufpr.br\/portarias\/wp-json\/wp\/v2\/comments?post=63592"}],"version-history":[{"count":1,"href":"https:\/\/progepe.ufpr.br\/portarias\/wp-json\/wp\/v2\/posts\/63592\/revisions"}],"predecessor-version":[{"id":196754,"href":"https:\/\/progepe.ufpr.br\/portarias\/wp-json\/wp\/v2\/posts\/63592\/revisions\/196754"}],"wp:attachment":[{"href":"https:\/\/progepe.ufpr.br\/portarias\/wp-json\/wp\/v2\/media?parent=63592"}],"wp:term":[{"taxonomy":"category","embeddable":true,"href":"https:\/\/progepe.ufpr.br\/portarias\/wp-json\/wp\/v2\/categories?post=63592"},{"taxonomy":"post_tag","embeddable":true,"href":"https:\/\/progepe.ufpr.br\/portarias\/wp-json\/wp\/v2\/tags?post=63592"}],"curies":[{"name":"wp","href":"https:\/\/api.w.org\/{rel}","templated":true}]}}