{"id":63595,"date":"2020-12-18T10:05:00","date_gmt":"2020-12-18T13:05:00","guid":{"rendered":"http:\/\/progepe.ufpr.br\/portal\/?post_type=portarias&#038;p=63595"},"modified":"2023-08-03T13:00:10","modified_gmt":"2023-08-03T16:00:10","slug":"progepe-2020-03613","status":"publish","type":"post","link":"https:\/\/progepe.ufpr.br\/portarias\/progepe-2020-03613\/","title":{"rendered":"PORTARIA N\u00ba 03613\/PROGEPE, DE 18 DE DEZEMBRO DE 2020"},"content":{"rendered":"\n<p><strong>O\nPr\u00f3-Reitor de Gest\u00e3o de Pessoas da Universidade Federal do Paran\u00e1,<\/strong> no uso de suas atribui\u00e7\u00f5es, tendo em vista a\ncompet\u00eancia que lhe \u00e9 conferida pela Portaria n\u00ba 2.590, de 26 de setembro de\n1997, conforme Lei n\u00ba 8.112\/1990; Lei n\u00ba 9.527\/1997; e, o contido no processo\nn\u00ba 23075.066412\/2020-96,<\/p>\n\n\n\n<p>RESOLVE:<\/p>\n\n\n\n<p>Conceder licen\u00e7a pr\u00eamio por assiduidade, referente ao\nper\u00edodo aquisitivo de 24\/05\/1988 \u00e0 22\/05\/1993, \u00e0 servidora DEJANIRA\nFAGUNDES &#8211; 342741, ocupante do cargo de Assistente em Administra\u00e7\u00e3o, lotada no Servi\u00e7o\nde Enfermagem do Centro Cir\u00fargico Obst\u00e9trico Ginecol\u00f3gico do Hospital de\nCl\u00ednicas, no per\u00edodo de 15 de fevereiro de 2021 a 16 de mar\u00e7o de 2021.<\/p>\n\n\n\n<p style=\"text-align:right\">Douglas Ortiz Hamermuller<\/p>\n","protected":false},"excerpt":{"rendered":"<p>Conceder licen\u00e7a pr\u00eamio por assiduidade, referente ao per\u00edodo aquisitivo de 24\/05\/1988 \u00e0 22\/05\/1993, \u00e0 servidora DEJANIRA FAGUNDES &#8211; 342741, ocupante do cargo de Assistente em Administra\u00e7\u00e3o, lotada no Servi\u00e7o de Enfermagem do Centro Cir\u00fargico Obst\u00e9trico Ginecol\u00f3gico do Hospital de Cl\u00ednicas, no per\u00edodo de 15 de fevereiro de 2021 a 16 de mar\u00e7o de 2021.  <!-- wp:paragraph {\"align\":\"right\"} \n\n<p style=\"text-align:right\">Douglas Ortiz Hamermuller\n<\/p>\n","protected":false},"author":49,"featured_media":0,"comment_status":"closed","ping_status":"closed","sticky":false,"template":"","format":"standard","meta":{"_acf_changed":false,"iawp_total_views":1,"footnotes":""},"categories":[116],"tags":[123],"class_list":["post-63595","post","type-post","status-publish","format-standard","hentry","category-progepe","tag-afastamento-licenca"],"acf":[],"_links":{"self":[{"href":"https:\/\/progepe.ufpr.br\/portarias\/wp-json\/wp\/v2\/posts\/63595","targetHints":{"allow":["GET"]}}],"collection":[{"href":"https:\/\/progepe.ufpr.br\/portarias\/wp-json\/wp\/v2\/posts"}],"about":[{"href":"https:\/\/progepe.ufpr.br\/portarias\/wp-json\/wp\/v2\/types\/post"}],"author":[{"embeddable":true,"href":"https:\/\/progepe.ufpr.br\/portarias\/wp-json\/wp\/v2\/users\/49"}],"replies":[{"embeddable":true,"href":"https:\/\/progepe.ufpr.br\/portarias\/wp-json\/wp\/v2\/comments?post=63595"}],"version-history":[{"count":1,"href":"https:\/\/progepe.ufpr.br\/portarias\/wp-json\/wp\/v2\/posts\/63595\/revisions"}],"predecessor-version":[{"id":196755,"href":"https:\/\/progepe.ufpr.br\/portarias\/wp-json\/wp\/v2\/posts\/63595\/revisions\/196755"}],"wp:attachment":[{"href":"https:\/\/progepe.ufpr.br\/portarias\/wp-json\/wp\/v2\/media?parent=63595"}],"wp:term":[{"taxonomy":"category","embeddable":true,"href":"https:\/\/progepe.ufpr.br\/portarias\/wp-json\/wp\/v2\/categories?post=63595"},{"taxonomy":"post_tag","embeddable":true,"href":"https:\/\/progepe.ufpr.br\/portarias\/wp-json\/wp\/v2\/tags?post=63595"}],"curies":[{"name":"wp","href":"https:\/\/api.w.org\/{rel}","templated":true}]}}