{"id":63647,"date":"2020-12-21T10:10:00","date_gmt":"2020-12-21T13:10:00","guid":{"rendered":"http:\/\/progepe.ufpr.br\/portal\/?post_type=portarias&#038;p=63647"},"modified":"2023-08-03T13:00:12","modified_gmt":"2023-08-03T16:00:12","slug":"progepe-2020-03626","status":"publish","type":"post","link":"https:\/\/progepe.ufpr.br\/portarias\/progepe-2020-03626\/","title":{"rendered":"PORTARIA N\u00ba 03626\/PROGEPE, DE 21 DE DEZEMBRO DE 2020"},"content":{"rendered":"\n<p><strong>O\nPr\u00f3-Reitor de Gest\u00e3o de Pessoas da Universidade Federal do Paran\u00e1,<\/strong> no uso de suas atribui\u00e7\u00f5es, tendo em vista a\ncompet\u00eancia que lhe \u00e9 conferida pela Portaria n\u00ba 2.590, de 26 de setembro de\n1997, conforme Lei n\u00ba 8.112\/1990; Lei n\u00ba 9.527\/1997; e, o contido no processo\nn\u00ba 23075.068672\/2020-04,<\/p>\n\n\n\n<p>RESOLVE:<\/p>\n\n\n\n<p>Conceder licen\u00e7a pr\u00eamio por assiduidade, referente ao\nper\u00edodo aquisitivo de 13\/05\/1989 a 11\/05\/1994, \u00e0 servidora MARIA\nMARLI MOURA DE SOUZA &#8211; 341384, ocupante do cargo de Auxiliar em Administra\u00e7\u00e3o, lotada na Equipe de\nApoio Nutricional ao Banco de Leite Humano do Hospital de Cl\u00ednicas, no per\u00edodo\nde 16 de janeiro de 2021 a 15 de abril de 2021.<\/p>\n\n\n\n<p class=\"has-text-align-right\"><\/p>\n","protected":false},"excerpt":{"rendered":"<p>Conceder licen\u00e7a pr\u00eamio por assiduidade, referente ao per\u00edodo aquisitivo de 13\/05\/1989 a 11\/05\/1994, \u00e0 servidora MARIA MARLI MOURA DE SOUZA &#8211; 341384, ocupante do cargo de Auxiliar em Administra\u00e7\u00e3o, lotada na Equipe de Apoio Nutricional ao Banco de Leite Humano do Hospital de Cl\u00ednicas, no per\u00edodo de 16 de janeiro de 2021 a 15 de abril de 2021.  <!-- wp:paragraph {\"align\":\"right\"} \n\n<p class=\"has-text-align-right\">\n<\/p>\n","protected":false},"author":49,"featured_media":0,"comment_status":"closed","ping_status":"closed","sticky":false,"template":"","format":"standard","meta":{"_acf_changed":false,"iawp_total_views":1,"footnotes":""},"categories":[116],"tags":[123],"class_list":["post-63647","post","type-post","status-publish","format-standard","hentry","category-progepe","tag-afastamento-licenca"],"acf":[],"_links":{"self":[{"href":"https:\/\/progepe.ufpr.br\/portarias\/wp-json\/wp\/v2\/posts\/63647","targetHints":{"allow":["GET"]}}],"collection":[{"href":"https:\/\/progepe.ufpr.br\/portarias\/wp-json\/wp\/v2\/posts"}],"about":[{"href":"https:\/\/progepe.ufpr.br\/portarias\/wp-json\/wp\/v2\/types\/post"}],"author":[{"embeddable":true,"href":"https:\/\/progepe.ufpr.br\/portarias\/wp-json\/wp\/v2\/users\/49"}],"replies":[{"embeddable":true,"href":"https:\/\/progepe.ufpr.br\/portarias\/wp-json\/wp\/v2\/comments?post=63647"}],"version-history":[{"count":2,"href":"https:\/\/progepe.ufpr.br\/portarias\/wp-json\/wp\/v2\/posts\/63647\/revisions"}],"predecessor-version":[{"id":187048,"href":"https:\/\/progepe.ufpr.br\/portarias\/wp-json\/wp\/v2\/posts\/63647\/revisions\/187048"}],"wp:attachment":[{"href":"https:\/\/progepe.ufpr.br\/portarias\/wp-json\/wp\/v2\/media?parent=63647"}],"wp:term":[{"taxonomy":"category","embeddable":true,"href":"https:\/\/progepe.ufpr.br\/portarias\/wp-json\/wp\/v2\/categories?post=63647"},{"taxonomy":"post_tag","embeddable":true,"href":"https:\/\/progepe.ufpr.br\/portarias\/wp-json\/wp\/v2\/tags?post=63647"}],"curies":[{"name":"wp","href":"https:\/\/api.w.org\/{rel}","templated":true}]}}