{"id":63854,"date":"2020-12-21T05:08:00","date_gmt":"2020-12-21T08:08:00","guid":{"rendered":"http:\/\/progepe.ufpr.br\/portal\/?post_type=portarias&#038;p=63854"},"modified":"2023-08-03T13:21:06","modified_gmt":"2023-08-03T16:21:06","slug":"rt-2020-01668","status":"publish","type":"post","link":"https:\/\/progepe.ufpr.br\/portarias\/rt-2020-01668\/","title":{"rendered":"PORTARIA N\u00ba 01668\/REITORIA, DE 21 DE DEZEMBRO DE 2020"},"content":{"rendered":"\n<p><strong>O Reitor da Universidade Federal do Paran\u00e1, <\/strong>no uso de suas atribui\u00e7\u00f5es, tendo em vista o que consta no artigo 50, \u00a7 1\u00ba do Estatuto desta Universidade e o que consta no processo n\u00ba 23075.064143\/2020-23, <\/p>\n\n\n\n<p>RESOLVE:<\/p>\n\n\n\n<p>I.&nbsp;Nomear o servidor GUILHERME SIPPEL MACHADO\n&#8211; 1068216, ocupante do cargo de Professor, no regime de trabalho de dedica\u00e7\u00e3o\nexclusiva, para exercer a fun\u00e7\u00e3o de Vice-Coordenador&nbsp;de Curso de Gradua\u00e7\u00e3o\ndo Campus Pontal do Paran\u00e1 &#8211; Centro de Estudos do Mar (Curso de Licenciatura em\nCi\u00eancias Exatas).<\/p>\n\n\n\n<p>II.&nbsp;O mandato ser\u00e1 de 02 (dois) anos, a partir\nda data de publica\u00e7\u00e3o em DOU da portaria de nomea\u00e7\u00e3o do(a) titular.<\/p>\n\n\n\n<p>III. Nos impedimentos do(a) Coordenador(a), o\nmencionado docente cumprir\u00e1, obrigatoriamente, o regime de trabalho de tempo\nintegral, de acordo com o disposto no \u00a7 5\u00b0, artigo 1\u00b0 da Lei n\u00b0 8.168\/91.<\/p>\n\n\n\n<p style=\"text-align:right\"><strong>RICARDO\nMARCELO FONSECA<\/strong><\/p>\n\n\n\n<p> <\/p>\n","protected":false},"excerpt":{"rendered":"<p>I.&nbsp;Nomear o servidor GUILHERME SIPPEL MACHADO &#8211; 1068216, ocupante do cargo de Professor, no regime de trabalho de dedica\u00e7\u00e3o exclusiva, para exercer a fun\u00e7\u00e3o de Vice-Coordenador&nbsp;de Curso de Gradua\u00e7\u00e3o do Campus Pontal do Paran\u00e1 &#8211; Centro de Estudos do Mar (Curso de Licenciatura em Ci\u00eancias Exatas).  II.&nbsp;O mandato ser\u00e1 de 02 (dois) anos, a partir da data de publica\u00e7\u00e3o em DOU da portaria de nomea\u00e7\u00e3o do(a) titular.  III. Nos impedimentos do(a) Coordenador(a), o mencionado docente cumprir\u00e1, obrigatoriamente, o regime de trabalho de tempo integral, de acordo com o disposto no \u00a7 5\u00b0, artigo 1\u00b0 da Lei<\/p>\n","protected":false},"author":50,"featured_media":0,"comment_status":"closed","ping_status":"closed","sticky":false,"template":"","format":"standard","meta":{"_acf_changed":false,"iawp_total_views":0,"footnotes":""},"categories":[117],"tags":[120],"class_list":["post-63854","post","type-post","status-publish","format-standard","hentry","category-rt","tag-funcao"],"acf":[],"_links":{"self":[{"href":"https:\/\/progepe.ufpr.br\/portarias\/wp-json\/wp\/v2\/posts\/63854","targetHints":{"allow":["GET"]}}],"collection":[{"href":"https:\/\/progepe.ufpr.br\/portarias\/wp-json\/wp\/v2\/posts"}],"about":[{"href":"https:\/\/progepe.ufpr.br\/portarias\/wp-json\/wp\/v2\/types\/post"}],"author":[{"embeddable":true,"href":"https:\/\/progepe.ufpr.br\/portarias\/wp-json\/wp\/v2\/users\/50"}],"replies":[{"embeddable":true,"href":"https:\/\/progepe.ufpr.br\/portarias\/wp-json\/wp\/v2\/comments?post=63854"}],"version-history":[{"count":1,"href":"https:\/\/progepe.ufpr.br\/portarias\/wp-json\/wp\/v2\/posts\/63854\/revisions"}],"predecessor-version":[{"id":196795,"href":"https:\/\/progepe.ufpr.br\/portarias\/wp-json\/wp\/v2\/posts\/63854\/revisions\/196795"}],"wp:attachment":[{"href":"https:\/\/progepe.ufpr.br\/portarias\/wp-json\/wp\/v2\/media?parent=63854"}],"wp:term":[{"taxonomy":"category","embeddable":true,"href":"https:\/\/progepe.ufpr.br\/portarias\/wp-json\/wp\/v2\/categories?post=63854"},{"taxonomy":"post_tag","embeddable":true,"href":"https:\/\/progepe.ufpr.br\/portarias\/wp-json\/wp\/v2\/tags?post=63854"}],"curies":[{"name":"wp","href":"https:\/\/api.w.org\/{rel}","templated":true}]}}