{"id":63894,"date":"2020-12-23T05:09:00","date_gmt":"2020-12-23T08:09:00","guid":{"rendered":"http:\/\/progepe.ufpr.br\/portal\/?post_type=portarias&#038;p=63894"},"modified":"2023-08-03T13:21:08","modified_gmt":"2023-08-03T16:21:08","slug":"rt-2020-01682","status":"publish","type":"post","link":"https:\/\/progepe.ufpr.br\/portarias\/rt-2020-01682\/","title":{"rendered":"PORTARIA N\u00ba 01682\/REITORIA, DE 23 DE DEZEMBRO DE 2020"},"content":{"rendered":"\n<p><strong>O Reitor da\nUniversidade Federal do Paran\u00e1, <\/strong>no uso de suas\natribui\u00e7\u00f5es, tendo em vista a compet\u00eancia que lhe \u00e9 conferida pela Portaria n\u00ba\n1.427\/MEC, de 06 de agosto de 2019, publicada no DOU de 07.08.2019;\nconsiderando o que consta no Art. 9\u00ba, inciso I da Lei n\u00ba 8.112\/90; autorizado\npelo Decreto n\u00ba 7.232, de 19 de julho de 2010, publicado no DOU de 20.07.2010;\nPortaria Interministerial n\u00ba 111, de 02 de abril de 2014, publicada no DOU de\n03.04.2014; e, o que consta no processo n\u00ba 23075.069813\/2020-06,<\/p>\n\n\n\n<p>RESOLVE:<\/p>\n\n\n\n<p>Nomear em car\u00e1ter efetivo, GRAZIELLA\nCALAZANS SCHETTINI, habilitada em concurso p\u00fablico realizado por esta\nInstitui\u00e7\u00e3o, homologado em 02.07.2018, para o cargo de Assistente em\nAdministra\u00e7\u00e3o, n\u00edvel de Classifica\u00e7\u00e3o D, n\u00edvel de Capacita\u00e7\u00e3o I, padr\u00e3o de Vencimento\n01, no regime de trabalho de 40 (quarenta) horas semanais, na vaga de c\u00f3digo n\u00ba\n264191.<\/p>\n\n\n\n<p style=\"text-align:right\">Ricardo Marcelo Fonseca<\/p>\n","protected":false},"excerpt":{"rendered":"<p>Nomear em car\u00e1ter efetivo, GRAZIELLA CALAZANS SCHETTINI, habilitada em concurso p\u00fablico realizado por esta Institui\u00e7\u00e3o, homologado em 02.07.2018, para o cargo de Assistente em Administra\u00e7\u00e3o, n\u00edvel de Classifica\u00e7\u00e3o D, n\u00edvel de Capacita\u00e7\u00e3o I, padr\u00e3o de Vencimento 01, no regime de trabalho de 40 (quarenta) horas semanais, na vaga de c\u00f3digo n\u00ba 264191.  <!-- wp:paragraph {\"align\":\"right\"} \n\n<p style=\"text-align:right\">Ricardo Marcelo Fonseca\n<\/p>\n","protected":false},"author":49,"featured_media":0,"comment_status":"closed","ping_status":"closed","sticky":false,"template":"","format":"standard","meta":{"_acf_changed":false,"iawp_total_views":0,"footnotes":""},"categories":[117],"tags":[121],"class_list":["post-63894","post","type-post","status-publish","format-standard","hentry","category-rt","tag-nomeacao"],"acf":[],"_links":{"self":[{"href":"https:\/\/progepe.ufpr.br\/portarias\/wp-json\/wp\/v2\/posts\/63894","targetHints":{"allow":["GET"]}}],"collection":[{"href":"https:\/\/progepe.ufpr.br\/portarias\/wp-json\/wp\/v2\/posts"}],"about":[{"href":"https:\/\/progepe.ufpr.br\/portarias\/wp-json\/wp\/v2\/types\/post"}],"author":[{"embeddable":true,"href":"https:\/\/progepe.ufpr.br\/portarias\/wp-json\/wp\/v2\/users\/49"}],"replies":[{"embeddable":true,"href":"https:\/\/progepe.ufpr.br\/portarias\/wp-json\/wp\/v2\/comments?post=63894"}],"version-history":[{"count":1,"href":"https:\/\/progepe.ufpr.br\/portarias\/wp-json\/wp\/v2\/posts\/63894\/revisions"}],"predecessor-version":[{"id":196797,"href":"https:\/\/progepe.ufpr.br\/portarias\/wp-json\/wp\/v2\/posts\/63894\/revisions\/196797"}],"wp:attachment":[{"href":"https:\/\/progepe.ufpr.br\/portarias\/wp-json\/wp\/v2\/media?parent=63894"}],"wp:term":[{"taxonomy":"category","embeddable":true,"href":"https:\/\/progepe.ufpr.br\/portarias\/wp-json\/wp\/v2\/categories?post=63894"},{"taxonomy":"post_tag","embeddable":true,"href":"https:\/\/progepe.ufpr.br\/portarias\/wp-json\/wp\/v2\/tags?post=63894"}],"curies":[{"name":"wp","href":"https:\/\/api.w.org\/{rel}","templated":true}]}}