{"id":63937,"date":"2020-12-28T10:17:00","date_gmt":"2020-12-28T13:17:00","guid":{"rendered":"http:\/\/progepe.ufpr.br\/portal\/?post_type=portarias&#038;p=63937"},"modified":"2024-12-12T14:34:24","modified_gmt":"2024-12-12T17:34:24","slug":"progepe-2020-03674","status":"publish","type":"post","link":"https:\/\/progepe.ufpr.br\/portarias\/progepe-2020-03674\/","title":{"rendered":"PORTARIA N\u00ba 03674\/PROGEPE, DE 28 DE DEZEMBRO DE 2020"},"content":{"rendered":"\n<p><strong>O Pr\u00f3-Reitor de Gest\u00e3o de Pessoas da Universidade Federal do Paran\u00e1,<\/strong>  no uso de suas atribui\u00e7\u00f5es, tendo em vista a compet\u00eancia que lhe \u00e9  conferida pela Portaria n\u00ba 2.590, de 26 de setembro de 1997 e  considerando o contido nos artigos 18, 19 e 20 da Resolu\u00e7\u00e3o n\u00ba  002\/2000-COPLAD e ainda o contido no processo n\u00ba 23075.069211\/2020-41, <\/p>\n\n\n\n<p>RESOLVE:<\/p>\n\n\n\n<p>Designar para compor a comiss\u00e3o respons\u00e1vel\n pela terceira etapa da avalia\u00e7\u00e3o de desempenho em est\u00e1gio probat\u00f3rio do\n servidor DOUGLAS SCHORR\u200b \u2013 1213004, ocupante do cargo de Administrador,\n lotado na Unidade de Apoio Administrativo do Gabinete da Pr\u00f3-Reitoria \nde Gest\u00e3o de Pessoas, os seguintes membros:<\/p>\n\n\n\n<ul class=\"wp-block-list\">\n<li>LANIA VIRGINIA BUSNELLO VAZ \u2013 6344034\t<\/li>\n\n\n\n<li>DOUGLAS ORTIZ HAMERMULLER &#8211; 1560611<\/li>\n\n\n\n<li>ANA MARIA GUIMAR\u00c3ES DA CRUZ- 1150285<\/li>\n<\/ul>\n","protected":false},"excerpt":{"rendered":"<p>Designar para compor a comiss\u00e3o respons\u00e1vel pela terceira etapa da avalia\u00e7\u00e3o de desempenho em est\u00e1gio probat\u00f3rio do servidor DOUGLAS SCHORR\u200b \u2013 1213004, ocupante do cargo de Administrador, lotado na Unidade de Apoio Administrativo do Gabinete da Pr\u00f3-Reitoria de Gest\u00e3o de Pessoas, os seguintes membros:  <!-- wp:list \n\n<ul class=\"wp-block-list\"><!-- wp:list-item \n\n<li>LANIA VIRGINIA BUSNELLO VAZ \u2013 6344034 <\/li>\n\n <!-- \/wp:list-item  <!-- wp:list-item \n\n<li>DOUGLAS ORTIZ HAMERMULLER - 1560611<\/li>\n\n <!-- \/wp:list-item  <!-- wp:list-item \n\n<li>ANA MARIA GUIMAR\u00c3ES DA CRUZ- 1150285<\/li>\n\n <!-- \/wp:list-item <\/ul>\n\n <!-- \/wp:list\n<\/p>\n","protected":false},"author":48,"featured_media":0,"comment_status":"closed","ping_status":"closed","sticky":false,"template":"","format":"standard","meta":{"_acf_changed":false,"iawp_total_views":8,"footnotes":""},"categories":[116],"tags":[124],"class_list":["post-63937","post","type-post","status-publish","format-standard","hentry","category-progepe","tag-comissao"],"acf":[],"_links":{"self":[{"href":"https:\/\/progepe.ufpr.br\/portarias\/wp-json\/wp\/v2\/posts\/63937","targetHints":{"allow":["GET"]}}],"collection":[{"href":"https:\/\/progepe.ufpr.br\/portarias\/wp-json\/wp\/v2\/posts"}],"about":[{"href":"https:\/\/progepe.ufpr.br\/portarias\/wp-json\/wp\/v2\/types\/post"}],"author":[{"embeddable":true,"href":"https:\/\/progepe.ufpr.br\/portarias\/wp-json\/wp\/v2\/users\/48"}],"replies":[{"embeddable":true,"href":"https:\/\/progepe.ufpr.br\/portarias\/wp-json\/wp\/v2\/comments?post=63937"}],"version-history":[{"count":2,"href":"https:\/\/progepe.ufpr.br\/portarias\/wp-json\/wp\/v2\/posts\/63937\/revisions"}],"predecessor-version":[{"id":258084,"href":"https:\/\/progepe.ufpr.br\/portarias\/wp-json\/wp\/v2\/posts\/63937\/revisions\/258084"}],"wp:attachment":[{"href":"https:\/\/progepe.ufpr.br\/portarias\/wp-json\/wp\/v2\/media?parent=63937"}],"wp:term":[{"taxonomy":"category","embeddable":true,"href":"https:\/\/progepe.ufpr.br\/portarias\/wp-json\/wp\/v2\/categories?post=63937"},{"taxonomy":"post_tag","embeddable":true,"href":"https:\/\/progepe.ufpr.br\/portarias\/wp-json\/wp\/v2\/tags?post=63937"}],"curies":[{"name":"wp","href":"https:\/\/api.w.org\/{rel}","templated":true}]}}