{"id":63996,"date":"2020-12-28T10:05:00","date_gmt":"2020-12-28T13:05:00","guid":{"rendered":"http:\/\/progepe.ufpr.br\/portal\/?post_type=portarias&#038;p=63996"},"modified":"2023-08-03T13:00:17","modified_gmt":"2023-08-03T16:00:17","slug":"progepe-2020-03662","status":"publish","type":"post","link":"https:\/\/progepe.ufpr.br\/portarias\/progepe-2020-03662\/","title":{"rendered":"PORTARIA N\u00ba 03662\/PROGEPE, DE 28 DE DEZEMBRO DE 2020"},"content":{"rendered":"\n<p><strong>O Pr\u00f3-Reitor de Gest\u00e3o de Pessoas da Universidade Federal do Paran\u00e1, <\/strong>no uso de suas atribui\u00e7\u00f5es, tendo em vista a compet\u00eancia que lhe \u00e9 conferida pela Portaria n\u00ba 2.590, de 26 de setembro de 1997, de acordo com o Art. 10, \u00a7 1\u00ba e 4\u00ba da Lei n\u00ba 11.091\/05; Art. 4\u00ba \u00a7 1\u00ba do Decreto n\u00ba 5.824\/06; Portaria MEC 09\/06; Portaria MEC 39\/11; Parecer MEC 50151\/2015\/DCC\/COLEP\/CGGP\/SAA; Portaria n\u00ba 18.908\/PROGEPE, de 16.08.2016; e, ainda o contido no processo n\u00ba 23075.059878\/2020-35, <\/p>\n\n\n\n<p>RESOLVE:<\/p>\n\n\n\n<p>Conceder progress\u00e3o por capacita\u00e7\u00e3o profissional ao servidor ELTON BARBOSA SILVEIRA \u2013 2427090, ocupante do cargo Assistente em Administra\u00e7\u00e3o, lotada na Coordenadoria de Apoio \u00e0 Reitoria do Gabinete do Reitor, do n\u00edvel D-02 para o n\u00edvel D-03, padr\u00e3o de Vencimento 03, a partir de 18 de novembro de 2020, conforme Parecer da Unidade de An\u00e1lise de T\u00edtulos (3206106), no processo n\u00ba 23075.059878\/2020-35. <\/p>\n\n\n\n<p class=\"has-text-align-right\"><strong>DOUGLAS ORTIZ HAMERMULLER<\/strong><\/p>\n","protected":false},"excerpt":{"rendered":"<p>Conceder progress\u00e3o por capacita\u00e7\u00e3o profissional ao servidor ELTON BARBOSA SILVEIRA \u2013 2427090, ocupante do cargo Assistente em Administra\u00e7\u00e3o, lotada na Coordenadoria de Apoio \u00e0 Reitoria do Gabinete do Reitor, do n\u00edvel D-02 para o n\u00edvel D-03, padr\u00e3o de Vencimento 03, a partir de 18 de novembro de 2020, conforme Parecer da Unidade de An\u00e1lise de T\u00edtulos (3206106), no processo n\u00ba 23075.059878\/2020-35.  <!-- wp:paragraph {\"align\":\"right\"} \n\n<p class=\"has-text-align-right\"><strong>DOUGLAS ORTIZ HAMERMULLER<\/strong>\n<\/p>\n","protected":false},"author":48,"featured_media":0,"comment_status":"closed","ping_status":"closed","sticky":false,"template":"","format":"standard","meta":{"_acf_changed":false,"iawp_total_views":2,"footnotes":""},"categories":[116],"tags":[143],"class_list":["post-63996","post","type-post","status-publish","format-standard","hentry","category-progepe","tag-progressao-promocao"],"acf":[],"_links":{"self":[{"href":"https:\/\/progepe.ufpr.br\/portarias\/wp-json\/wp\/v2\/posts\/63996","targetHints":{"allow":["GET"]}}],"collection":[{"href":"https:\/\/progepe.ufpr.br\/portarias\/wp-json\/wp\/v2\/posts"}],"about":[{"href":"https:\/\/progepe.ufpr.br\/portarias\/wp-json\/wp\/v2\/types\/post"}],"author":[{"embeddable":true,"href":"https:\/\/progepe.ufpr.br\/portarias\/wp-json\/wp\/v2\/users\/48"}],"replies":[{"embeddable":true,"href":"https:\/\/progepe.ufpr.br\/portarias\/wp-json\/wp\/v2\/comments?post=63996"}],"version-history":[{"count":1,"href":"https:\/\/progepe.ufpr.br\/portarias\/wp-json\/wp\/v2\/posts\/63996\/revisions"}],"predecessor-version":[{"id":109461,"href":"https:\/\/progepe.ufpr.br\/portarias\/wp-json\/wp\/v2\/posts\/63996\/revisions\/109461"}],"wp:attachment":[{"href":"https:\/\/progepe.ufpr.br\/portarias\/wp-json\/wp\/v2\/media?parent=63996"}],"wp:term":[{"taxonomy":"category","embeddable":true,"href":"https:\/\/progepe.ufpr.br\/portarias\/wp-json\/wp\/v2\/categories?post=63996"},{"taxonomy":"post_tag","embeddable":true,"href":"https:\/\/progepe.ufpr.br\/portarias\/wp-json\/wp\/v2\/tags?post=63996"}],"curies":[{"name":"wp","href":"https:\/\/api.w.org\/{rel}","templated":true}]}}