{"id":64002,"date":"2020-12-28T10:04:00","date_gmt":"2020-12-28T13:04:00","guid":{"rendered":"http:\/\/progepe.ufpr.br\/portal\/?post_type=portarias&#038;p=64002"},"modified":"2023-08-03T13:00:17","modified_gmt":"2023-08-03T16:00:17","slug":"progepe-2020-03661","status":"publish","type":"post","link":"https:\/\/progepe.ufpr.br\/portarias\/progepe-2020-03661\/","title":{"rendered":"PORTARIA N\u00ba 03661\/PROGEPE, DE 28 DE DEZEMBRO DE 2020"},"content":{"rendered":"\n<p><strong>O Pr\u00f3-Reitor de Gest\u00e3o de Pessoas da Universidade Federal do Paran\u00e1, <\/strong>no  uso de suas atribui\u00e7\u00f5es, tendo em vista a compet\u00eancia que lhe \u00e9  conferida pela Portaria n\u00ba 2.590, de 26 de setembro de 1997, de acordo  com o Art. 10, \u00a7 1\u00ba e 4\u00ba da Lei n\u00ba 11.091\/05; Art. 4\u00ba \u00a7 1\u00ba do Decreto n\u00ba  5.824\/06; Portaria MEC 09\/06; Portaria MEC 39\/11; Parecer MEC  50151\/2015\/DCC\/COLEP\/CGGP\/SAA; Portaria n\u00ba 18.908\/PROGEPE, de  16.08.2016; e, ainda o contido no processo n\u00ba 23075.064869\/2020-66,<\/p>\n\n\n\n<p>RESOLVE:<\/p>\n\n\n\n<p>Conceder progress\u00e3o por capacita\u00e7\u00e3o  profissional \u00e0 servidora MARIANA NERI DA VEIGA GONCALVES NUNES \u2013  1968506, ocupante do cargo Auxiliar de Enfermagem, lotada no Servi\u00e7o  Enfermagem Ambulatorial do Hospital de Cl\u00ednicas, do n\u00edvel C-03 para o  n\u00edvel C-04, padr\u00e3o de Vencimento 04, a partir de 24 de novembro de 2020,  conforme Parecer da Unidade de An\u00e1lise de T\u00edtulos (3206244), no  processo n\u00ba 23075.064869\/2020-66.<\/p>\n\n\n\n<p style=\"text-align:right\"><strong>DOUGLAS ORTIZ HAMERMULLER<\/strong><\/p>\n\n\n\n<hr class=\"wp-block-separator\" \/>\n\n\n\n<p> <\/p>\n","protected":false},"excerpt":{"rendered":"<p>Conceder progress\u00e3o por capacita\u00e7\u00e3o profissional \u00e0 servidora MARIANA NERI DA VEIGA GONCALVES NUNES \u2013 1968506, ocupante do cargo Auxiliar de Enfermagem, lotada no Servi\u00e7o Enfermagem Ambulatorial do Hospital de Cl\u00ednicas, do n\u00edvel C-03 para o n\u00edvel C-04, padr\u00e3o de Vencimento 04, a partir de 24 de novembro de 2020, conforme Parecer da Unidade de An\u00e1lise de T\u00edtulos (3206244), no processo n\u00ba 23075.064869\/2020-66.  <!-- wp:paragraph {\"align\":\"right\"} \n\n<p style=\"text-align:right\"><strong>DOUGLAS ORTIZ HAMERMULLER<\/strong>  <!-- wp:separator \n\n<hr class=\"wp-block-separator\" \/> <!-- \/wp:separator\n<\/p>\n","protected":false},"author":48,"featured_media":0,"comment_status":"closed","ping_status":"closed","sticky":false,"template":"","format":"standard","meta":{"_acf_changed":false,"iawp_total_views":0,"footnotes":""},"categories":[116],"tags":[143],"class_list":["post-64002","post","type-post","status-publish","format-standard","hentry","category-progepe","tag-progressao-promocao"],"acf":[],"_links":{"self":[{"href":"https:\/\/progepe.ufpr.br\/portarias\/wp-json\/wp\/v2\/posts\/64002","targetHints":{"allow":["GET"]}}],"collection":[{"href":"https:\/\/progepe.ufpr.br\/portarias\/wp-json\/wp\/v2\/posts"}],"about":[{"href":"https:\/\/progepe.ufpr.br\/portarias\/wp-json\/wp\/v2\/types\/post"}],"author":[{"embeddable":true,"href":"https:\/\/progepe.ufpr.br\/portarias\/wp-json\/wp\/v2\/users\/48"}],"replies":[{"embeddable":true,"href":"https:\/\/progepe.ufpr.br\/portarias\/wp-json\/wp\/v2\/comments?post=64002"}],"version-history":[{"count":1,"href":"https:\/\/progepe.ufpr.br\/portarias\/wp-json\/wp\/v2\/posts\/64002\/revisions"}],"predecessor-version":[{"id":196813,"href":"https:\/\/progepe.ufpr.br\/portarias\/wp-json\/wp\/v2\/posts\/64002\/revisions\/196813"}],"wp:attachment":[{"href":"https:\/\/progepe.ufpr.br\/portarias\/wp-json\/wp\/v2\/media?parent=64002"}],"wp:term":[{"taxonomy":"category","embeddable":true,"href":"https:\/\/progepe.ufpr.br\/portarias\/wp-json\/wp\/v2\/categories?post=64002"},{"taxonomy":"post_tag","embeddable":true,"href":"https:\/\/progepe.ufpr.br\/portarias\/wp-json\/wp\/v2\/tags?post=64002"}],"curies":[{"name":"wp","href":"https:\/\/api.w.org\/{rel}","templated":true}]}}